{"id":45908,"date":"2026-04-27T14:10:47","date_gmt":"2026-04-27T18:10:47","guid":{"rendered":"https:\/\/prensapresidencialvenezuela.gob.ve\/?p=45908"},"modified":"2026-04-27T14:12:02","modified_gmt":"2026-04-27T18:12:02","slug":"presidenta-e-delcy-rodriguez-inicia-agenda-de-este-lunes-en-barbados-y-es-recibida-por-el-jefe-de-estado-jeffrey-bostic","status":"publish","type":"post","link":"https:\/\/prensapresidencialvenezuela.gob.ve\/index.php\/2026\/04\/27\/presidenta-e-delcy-rodriguez-inicia-agenda-de-este-lunes-en-barbados-y-es-recibida-por-el-jefe-de-estado-jeffrey-bostic\/","title":{"rendered":"Presidenta (E) Delcy Rodr\u00edguez inicia agenda de este lunes en Barbados y es recibida por el jefe de Estado, Jeffrey Bostic"},"content":{"rendered":"\n<p><strong>Bridgetown, 27 de abril de 2026.- <\/strong>La presidenta encargada de la Rep\u00fablica Bolivariana de Venezuela, Delcy Rodr\u00edguez, inici\u00f3 este lunes su agenda oficial de trabajo en Barbados con un encuentro de alto nivel en la Casa de Gobierno junto al mandatario barbadense, Jeffrey Bostic.<\/p>\n\n\n\n<p>La reuni\u00f3n marca un hito en el fortalecimiento de las relaciones binacionales, fundamentadas en los principios hist\u00f3ricos de hermandad, solidaridad y respeto mutuo que han caracterizado el v\u00ednculo entre Caracas y Bridgetown.<\/p>\n\n\n\n<p>Durante la jornada, ambas autoridades, acompa\u00f1adas por sus respectivas delegaciones ministeriales, procedieron a evaluar el estado de los diversos acuerdos de cooperaci\u00f3n vigentes.<\/p>\n\n\n\n<figure class=\"wp-block-image size-large\"><img fetchpriority=\"high\" decoding=\"async\" width=\"1024\" height=\"731\" src=\"https:\/\/prensapresidencialvenezuela.gob.ve\/wp-content\/uploads\/2026\/04\/JC_L2843-1024x731.jpg\" alt=\"\" class=\"wp-image-45918\" srcset=\"https:\/\/prensapresidencialvenezuela.gob.ve\/wp-content\/uploads\/2026\/04\/JC_L2843-1024x731.jpg 1024w, https:\/\/prensapresidencialvenezuela.gob.ve\/wp-content\/uploads\/2026\/04\/JC_L2843-300x214.jpg 300w, https:\/\/prensapresidencialvenezuela.gob.ve\/wp-content\/uploads\/2026\/04\/JC_L2843-768x548.jpg 768w, https:\/\/prensapresidencialvenezuela.gob.ve\/wp-content\/uploads\/2026\/04\/JC_L2843-1536x1096.jpg 1536w, https:\/\/prensapresidencialvenezuela.gob.ve\/wp-content\/uploads\/2026\/04\/JC_L2843-2048x1462.jpg 2048w\" sizes=\"(max-width: 1024px) 100vw, 1024px\" \/><\/figure>\n\n\n\n<p>En este sentido, la Presidenta (E) Rodr\u00edguez y el Presidente Bostic ratifican el firme compromiso de avanzar en \u00e1reas estrat\u00e9gicas que promuevan el desarrollo conjunto y el bienestar social.<\/p>\n\n\n\n<p>Entre las \u00e1reas de inter\u00e9s de la relaci\u00f3n bilateral resalta la interconectividad a\u00e9rea, el turismo, el Intercambio cultural y proyectos socio productivos .<\/p>\n\n\n\n<p>Finalmente, este encuentro en la Casa de Gobierno ratifica la visi\u00f3n de unidad para fortalecer las alianzas estrat\u00e9gicas basada en la complementariedad y la prosperidad compartida para el beneficio de sus naciones.<\/p>\n\n\n\n<p><strong>Prensa Presidencial \/ Marvyn Bol\u00edvar<\/strong><\/p>\n","protected":false},"excerpt":{"rendered":"<p>Bridgetown, 27 de abril de 2026.- La presidenta encargada de la Rep\u00fablica Bolivariana de Venezuela, Delcy Rodr\u00edguez, inici\u00f3 este lunes su agenda oficial de trabajo en Barbados con un encuentro de alto nivel en la Casa de Gobierno junto al mandatario barbadense, Jeffrey Bostic. La reuni\u00f3n marca un hito en el fortalecimiento de las relaciones [&hellip;]<\/p>\n","protected":false},"author":23,"featured_media":45917,"comment_status":"open","ping_status":"open","sticky":false,"template":"","format":"standard","meta":{"footnotes":""},"categories":[18,7],"tags":[],"class_list":["post-45908","post","type-post","status-publish","format-standard","has-post-thumbnail","hentry","category-noticias-principales","category-notas-de-prensa"],"_links":{"self":[{"href":"https:\/\/prensapresidencialvenezuela.gob.ve\/index.php\/wp-json\/wp\/v2\/posts\/45908","targetHints":{"allow":["GET"]}}],"collection":[{"href":"https:\/\/prensapresidencialvenezuela.gob.ve\/index.php\/wp-json\/wp\/v2\/posts"}],"about":[{"href":"https:\/\/prensapresidencialvenezuela.gob.ve\/index.php\/wp-json\/wp\/v2\/types\/post"}],"author":[{"embeddable":true,"href":"https:\/\/prensapresidencialvenezuela.gob.ve\/index.php\/wp-json\/wp\/v2\/users\/23"}],"replies":[{"embeddable":true,"href":"https:\/\/prensapresidencialvenezuela.gob.ve\/index.php\/wp-json\/wp\/v2\/comments?post=45908"}],"version-history":[{"count":2,"href":"https:\/\/prensapresidencialvenezuela.gob.ve\/index.php\/wp-json\/wp\/v2\/posts\/45908\/revisions"}],"predecessor-version":[{"id":45919,"href":"https:\/\/prensapresidencialvenezuela.gob.ve\/index.php\/wp-json\/wp\/v2\/posts\/45908\/revisions\/45919"}],"wp:featuredmedia":[{"embeddable":true,"href":"https:\/\/prensapresidencialvenezuela.gob.ve\/index.php\/wp-json\/wp\/v2\/media\/45917"}],"wp:attachment":[{"href":"https:\/\/prensapresidencialvenezuela.gob.ve\/index.php\/wp-json\/wp\/v2\/media?parent=45908"}],"wp:term":[{"taxonomy":"category","embeddable":true,"href":"https:\/\/prensapresidencialvenezuela.gob.ve\/index.php\/wp-json\/wp\/v2\/categories?post=45908"},{"taxonomy":"post_tag","embeddable":true,"href":"https:\/\/prensapresidencialvenezuela.gob.ve\/index.php\/wp-json\/wp\/v2\/tags?post=45908"}],"curies":[{"name":"wp","href":"https:\/\/api.w.org\/{rel}","templated":true}]}}