{"id":45910,"date":"2026-04-27T15:03:38","date_gmt":"2026-04-27T19:03:38","guid":{"rendered":"https:\/\/prensapresidencialvenezuela.gob.ve\/?p=45910"},"modified":"2026-04-27T15:04:45","modified_gmt":"2026-04-27T19:04:45","slug":"presidenta-e-delcy-rodriguez-se-reune-con-primera-ministra-mottley-en-la-residencia-illaro-court-de-bridgetown","status":"publish","type":"post","link":"https:\/\/prensapresidencialvenezuela.gob.ve\/index.php\/2026\/04\/27\/presidenta-e-delcy-rodriguez-se-reune-con-primera-ministra-mottley-en-la-residencia-illaro-court-de-bridgetown\/","title":{"rendered":"Presidenta (E) Delcy Rodr\u00edguez se re\u00fane con Primera Ministra Mottley en la residencia Illaro Court de Bridgetown"},"content":{"rendered":"\n<p><strong>Bridgetown, 27 de abril de 2026.- <\/strong>En la continuidad de su intensa agenda de trabajo en Barbados, la presidenta encargada de la Rep\u00fablica Bolivariana de Venezuela, Delcy Rodr\u00edguez, arrib\u00f3 a la Residencia Oficial de la Primera Ministra, Mia Mottley, para sostener una reuni\u00f3n de trabajo ampliada.<\/p>\n\n\n\n<p>Este encuentro representa una cita hist\u00f3rica de alto nivel pol\u00edtico, al reunir a dos de las mujeres l\u00edderes m\u00e1s influyentes de la regi\u00f3n, quienes hoy conducen con determinaci\u00f3n el destino y la soberan\u00eda de sus respectivos pueblos hacia un futuro de prosperidad compartida.<\/p>\n\n\n\n<figure class=\"wp-block-image size-large\"><img fetchpriority=\"high\" decoding=\"async\" width=\"678\" height=\"1024\" src=\"https:\/\/prensapresidencialvenezuela.gob.ve\/wp-content\/uploads\/2026\/04\/04_JZ_L8333_P-678x1024.jpg\" alt=\"\" class=\"wp-image-45925\" srcset=\"https:\/\/prensapresidencialvenezuela.gob.ve\/wp-content\/uploads\/2026\/04\/04_JZ_L8333_P-678x1024.jpg 678w, https:\/\/prensapresidencialvenezuela.gob.ve\/wp-content\/uploads\/2026\/04\/04_JZ_L8333_P-199x300.jpg 199w, https:\/\/prensapresidencialvenezuela.gob.ve\/wp-content\/uploads\/2026\/04\/04_JZ_L8333_P-768x1160.jpg 768w, https:\/\/prensapresidencialvenezuela.gob.ve\/wp-content\/uploads\/2026\/04\/04_JZ_L8333_P-1017x1536.jpg 1017w, https:\/\/prensapresidencialvenezuela.gob.ve\/wp-content\/uploads\/2026\/04\/04_JZ_L8333_P-1355x2048.jpg 1355w, https:\/\/prensapresidencialvenezuela.gob.ve\/wp-content\/uploads\/2026\/04\/04_JZ_L8333_P-scaled.jpg 1694w\" sizes=\"(max-width: 678px) 100vw, 678px\" \/><\/figure>\n\n\n\n<p>Durante la jornada, ambas mandatarias, junto a sus equipos t\u00e9cnicos y ministeriales, procedieron a revisar el mapa de cooperaci\u00f3n integral que une a las dos naciones.<\/p>\n\n\n\n<p>El di\u00e1logo se centr\u00f3 en sectores estrat\u00e9gicos como la energ\u00eda, la educaci\u00f3n y el turismo, \u00e1reas consideradas vitales para potenciar el crecimiento econ\u00f3mico y la resiliencia de Venezuela y Barbados frente a los desaf\u00edos globales actuales.<\/p>\n\n\n\n<p>Es importante destacar la visi\u00f3n compartida de ambas l\u00edderes sobre la necesidad de fortalecer el intercambio cultural y la formaci\u00f3n acad\u00e9mica como bases del desarrollo social.<\/p>\n\n\n\n<p>En el \u00e1mbito energ\u00e9tico y econ\u00f3mico, se exploraron mecanismos conjuntos para optimizar recursos y abrir nuevas oportunidades de inversi\u00f3n que beneficien de manera directa a los ciudadanos de ambos pa\u00edses, bajo el principio de complementariedad caribe\u00f1a.<\/p>\n\n\n\n<p>Este encuentro en la Residencia Oficial no solo ratifica la solidez de los acuerdos binacionales, sino que proyecta un mensaje de unidad y liderazgo femenino en la pol\u00edtica internacional.<\/p>\n\n\n\n<p>Ambas dignatarias Rodr\u00edguez y Mottley reafirman su voluntad de seguir trabajando en una hoja de ruta din\u00e1mica que garantice el desarrollo y bienestar social para los pueblos.<\/p>\n\n\n\n<p><strong>Prensa Presidencial \/ Marvyn Bol\u00edvar<\/strong><\/p>\n","protected":false},"excerpt":{"rendered":"<p>Bridgetown, 27 de abril de 2026.- En la continuidad de su intensa agenda de trabajo en Barbados, la presidenta encargada de la Rep\u00fablica Bolivariana de Venezuela, Delcy Rodr\u00edguez, arrib\u00f3 a la Residencia Oficial de la Primera Ministra, Mia Mottley, para sostener una reuni\u00f3n de trabajo ampliada. Este encuentro representa una cita hist\u00f3rica de alto nivel [&hellip;]<\/p>\n","protected":false},"author":23,"featured_media":45928,"comment_status":"open","ping_status":"open","sticky":false,"template":"","format":"standard","meta":{"footnotes":""},"categories":[18,7],"tags":[],"class_list":["post-45910","post","type-post","status-publish","format-standard","has-post-thumbnail","hentry","category-noticias-principales","category-notas-de-prensa"],"_links":{"self":[{"href":"https:\/\/prensapresidencialvenezuela.gob.ve\/index.php\/wp-json\/wp\/v2\/posts\/45910","targetHints":{"allow":["GET"]}}],"collection":[{"href":"https:\/\/prensapresidencialvenezuela.gob.ve\/index.php\/wp-json\/wp\/v2\/posts"}],"about":[{"href":"https:\/\/prensapresidencialvenezuela.gob.ve\/index.php\/wp-json\/wp\/v2\/types\/post"}],"author":[{"embeddable":true,"href":"https:\/\/prensapresidencialvenezuela.gob.ve\/index.php\/wp-json\/wp\/v2\/users\/23"}],"replies":[{"embeddable":true,"href":"https:\/\/prensapresidencialvenezuela.gob.ve\/index.php\/wp-json\/wp\/v2\/comments?post=45910"}],"version-history":[{"count":3,"href":"https:\/\/prensapresidencialvenezuela.gob.ve\/index.php\/wp-json\/wp\/v2\/posts\/45910\/revisions"}],"predecessor-version":[{"id":45926,"href":"https:\/\/prensapresidencialvenezuela.gob.ve\/index.php\/wp-json\/wp\/v2\/posts\/45910\/revisions\/45926"}],"wp:featuredmedia":[{"embeddable":true,"href":"https:\/\/prensapresidencialvenezuela.gob.ve\/index.php\/wp-json\/wp\/v2\/media\/45928"}],"wp:attachment":[{"href":"https:\/\/prensapresidencialvenezuela.gob.ve\/index.php\/wp-json\/wp\/v2\/media?parent=45910"}],"wp:term":[{"taxonomy":"category","embeddable":true,"href":"https:\/\/prensapresidencialvenezuela.gob.ve\/index.php\/wp-json\/wp\/v2\/categories?post=45910"},{"taxonomy":"post_tag","embeddable":true,"href":"https:\/\/prensapresidencialvenezuela.gob.ve\/index.php\/wp-json\/wp\/v2\/tags?post=45910"}],"curies":[{"name":"wp","href":"https:\/\/api.w.org\/{rel}","templated":true}]}}