{"id":45929,"date":"2026-04-27T17:45:34","date_gmt":"2026-04-27T21:45:34","guid":{"rendered":"https:\/\/prensapresidencialvenezuela.gob.ve\/?p=45929"},"modified":"2026-04-27T18:00:17","modified_gmt":"2026-04-27T22:00:17","slug":"presidenta-e-delcy-rodriguez-ofrece-declaraciones-a-medios-por-parte-de-autoridades-de-venezuela-y-barbados","status":"publish","type":"post","link":"https:\/\/prensapresidencialvenezuela.gob.ve\/index.php\/2026\/04\/27\/presidenta-e-delcy-rodriguez-ofrece-declaraciones-a-medios-por-parte-de-autoridades-de-venezuela-y-barbados\/","title":{"rendered":"Presidenta (E) Delcy Rodr\u00edguez y Primera Ministra Mia Mottley ofrecen declaraciones a los medios de comunicaci\u00f3n"},"content":{"rendered":"\n<p><strong>Barbados. \u2013 <\/strong>En el marco de su segunda gira internacional oficial, la presidenta encargada de la Rep\u00fablica Bolivariana de Venezuela, Delcy Rodr\u00edguez, ofreci\u00f3 declaraciones a los medios de comunicaci\u00f3n desde Barbados; luego de su llegada a tierra barbadense el pasado domingo 26 de abril, al Aeropuerto Internacional Grantley Adams, en Bridgetown.<\/p>\n\n\n\n<figure class=\"wp-block-gallery has-nested-images columns-default is-cropped wp-block-gallery-1 is-layout-flex wp-block-gallery-is-layout-flex\">\n<figure class=\"wp-block-image size-large\"><img fetchpriority=\"high\" decoding=\"async\" width=\"683\" height=\"1024\" data-id=\"45946\" src=\"https:\/\/prensapresidencialvenezuela.gob.ve\/wp-content\/uploads\/2026\/04\/04_JZ_L1734_P-2-683x1024.jpg\" alt=\"\" class=\"wp-image-45946\" srcset=\"https:\/\/prensapresidencialvenezuela.gob.ve\/wp-content\/uploads\/2026\/04\/04_JZ_L1734_P-2-683x1024.jpg 683w, https:\/\/prensapresidencialvenezuela.gob.ve\/wp-content\/uploads\/2026\/04\/04_JZ_L1734_P-2-200x300.jpg 200w, https:\/\/prensapresidencialvenezuela.gob.ve\/wp-content\/uploads\/2026\/04\/04_JZ_L1734_P-2-768x1152.jpg 768w, https:\/\/prensapresidencialvenezuela.gob.ve\/wp-content\/uploads\/2026\/04\/04_JZ_L1734_P-2-1024x1536.jpg 1024w, https:\/\/prensapresidencialvenezuela.gob.ve\/wp-content\/uploads\/2026\/04\/04_JZ_L1734_P-2-1365x2048.jpg 1365w, https:\/\/prensapresidencialvenezuela.gob.ve\/wp-content\/uploads\/2026\/04\/04_JZ_L1734_P-2-scaled.jpg 1706w\" sizes=\"(max-width: 683px) 100vw, 683px\" \/><\/figure>\n\n\n\n<figure class=\"wp-block-image size-large\"><img decoding=\"async\" width=\"683\" height=\"1024\" data-id=\"45944\" src=\"https:\/\/prensapresidencialvenezuela.gob.ve\/wp-content\/uploads\/2026\/04\/03_JZ_L1732_P-683x1024.jpg\" alt=\"\" class=\"wp-image-45944\" srcset=\"https:\/\/prensapresidencialvenezuela.gob.ve\/wp-content\/uploads\/2026\/04\/03_JZ_L1732_P-683x1024.jpg 683w, https:\/\/prensapresidencialvenezuela.gob.ve\/wp-content\/uploads\/2026\/04\/03_JZ_L1732_P-200x300.jpg 200w, https:\/\/prensapresidencialvenezuela.gob.ve\/wp-content\/uploads\/2026\/04\/03_JZ_L1732_P-768x1152.jpg 768w, https:\/\/prensapresidencialvenezuela.gob.ve\/wp-content\/uploads\/2026\/04\/03_JZ_L1732_P-1024x1536.jpg 1024w, https:\/\/prensapresidencialvenezuela.gob.ve\/wp-content\/uploads\/2026\/04\/03_JZ_L1732_P-1365x2048.jpg 1365w, https:\/\/prensapresidencialvenezuela.gob.ve\/wp-content\/uploads\/2026\/04\/03_JZ_L1732_P-scaled.jpg 1706w\" sizes=\"(max-width: 683px) 100vw, 683px\" \/><\/figure>\n<\/figure>\n\n\n\n<p>Esta intervenci\u00f3n se da luego de haber participado en una jornada fruct\u00edfera, como parte de la continuidad a su agenda de integraci\u00f3n regional tras la visita oficial realizada a Grenada el pasado 9 de abril.<\/p>\n\n\n\n<p>Por otra parte, es relevante mencionar que esta visita oficial representa un paso significativo en la pol\u00edtica exterior de la gesti\u00f3n de la presidenta (E) Delcy Rodr\u00edguez, quien asumi\u00f3 el cargo el pasado 5 de enero, reafirmando de esta manera, el compromiso de Venezuela con sus socios estrat\u00e9gicos en el Caribe y el fortalecimiento del di\u00e1logo diplom\u00e1tico en la regi\u00f3n.<\/p>\n\n\n\n<p>Vale acotar, que la comitiva de la Rep\u00fablica Bolivariana de Venezuela estuvo integrada por el ministro de Comunicaci\u00f3n e Informaci\u00f3n, Miguel \u00c1ngel P\u00e9rez Pirela; el ministro del Poder Popular para el Despacho de la Presidencia y Seguimiento de la Gesti\u00f3n de Gobierno, Juan Escalona.<\/p>\n\n\n\n<p>Adem\u00e1s, estuvieron presentes la ministra del Poder Popular para el Turismo, Daniela Cabello; la ministra del Poder Popular para Hidrocarburos, Paula Henao; ministro del Poder Popular para la Pesca y Acuicultura, Juan Carlos Loyo; Martha Ortega, encargada de Negocios de la Rep\u00fablica Bolivariana de Venezuela; el viceministro para el Caribe, Ra\u00fal Li Causi, entre otros.<\/p>\n\n\n\n<p><strong>Prensa Presidencial\/ Irmary D\u00edaz<\/strong><\/p>\n","protected":false},"excerpt":{"rendered":"<p>Barbados. \u2013 En el marco de su segunda gira internacional oficial, la presidenta encargada de la Rep\u00fablica Bolivariana de Venezuela, Delcy Rodr\u00edguez, ofreci\u00f3 declaraciones a los medios de comunicaci\u00f3n desde Barbados; luego de su llegada a tierra barbadense el pasado domingo 26 de abril, al Aeropuerto Internacional Grantley Adams, en Bridgetown. Esta intervenci\u00f3n se da [&hellip;]<\/p>\n","protected":false},"author":15,"featured_media":45954,"comment_status":"open","ping_status":"open","sticky":false,"template":"","format":"standard","meta":{"footnotes":""},"categories":[18,7],"tags":[],"class_list":["post-45929","post","type-post","status-publish","format-standard","has-post-thumbnail","hentry","category-noticias-principales","category-notas-de-prensa"],"_links":{"self":[{"href":"https:\/\/prensapresidencialvenezuela.gob.ve\/index.php\/wp-json\/wp\/v2\/posts\/45929","targetHints":{"allow":["GET"]}}],"collection":[{"href":"https:\/\/prensapresidencialvenezuela.gob.ve\/index.php\/wp-json\/wp\/v2\/posts"}],"about":[{"href":"https:\/\/prensapresidencialvenezuela.gob.ve\/index.php\/wp-json\/wp\/v2\/types\/post"}],"author":[{"embeddable":true,"href":"https:\/\/prensapresidencialvenezuela.gob.ve\/index.php\/wp-json\/wp\/v2\/users\/15"}],"replies":[{"embeddable":true,"href":"https:\/\/prensapresidencialvenezuela.gob.ve\/index.php\/wp-json\/wp\/v2\/comments?post=45929"}],"version-history":[{"count":4,"href":"https:\/\/prensapresidencialvenezuela.gob.ve\/index.php\/wp-json\/wp\/v2\/posts\/45929\/revisions"}],"predecessor-version":[{"id":45953,"href":"https:\/\/prensapresidencialvenezuela.gob.ve\/index.php\/wp-json\/wp\/v2\/posts\/45929\/revisions\/45953"}],"wp:featuredmedia":[{"embeddable":true,"href":"https:\/\/prensapresidencialvenezuela.gob.ve\/index.php\/wp-json\/wp\/v2\/media\/45954"}],"wp:attachment":[{"href":"https:\/\/prensapresidencialvenezuela.gob.ve\/index.php\/wp-json\/wp\/v2\/media?parent=45929"}],"wp:term":[{"taxonomy":"category","embeddable":true,"href":"https:\/\/prensapresidencialvenezuela.gob.ve\/index.php\/wp-json\/wp\/v2\/categories?post=45929"},{"taxonomy":"post_tag","embeddable":true,"href":"https:\/\/prensapresidencialvenezuela.gob.ve\/index.php\/wp-json\/wp\/v2\/tags?post=45929"}],"curies":[{"name":"wp","href":"https:\/\/api.w.org\/{rel}","templated":true}]}}