{"id":45933,"date":"2026-04-27T17:39:54","date_gmt":"2026-04-27T21:39:54","guid":{"rendered":"https:\/\/prensapresidencialvenezuela.gob.ve\/?p=45933"},"modified":"2026-04-27T17:50:28","modified_gmt":"2026-04-27T21:50:28","slug":"presidenta-e-delcy-rodriguez-y-primera-ministra-mottley-se-reunen-junto-a-delegaciones-binacionales-en-barbados","status":"publish","type":"post","link":"https:\/\/prensapresidencialvenezuela.gob.ve\/index.php\/2026\/04\/27\/presidenta-e-delcy-rodriguez-y-primera-ministra-mottley-se-reunen-junto-a-delegaciones-binacionales-en-barbados\/","title":{"rendered":"Presidenta (E) Delcy Rodr\u00edguez y Primera Ministra Mottley se re\u00fanen junto a delegaciones binacionales en Barbados"},"content":{"rendered":"\n<p><strong>Barbados. &#8211;<\/strong> En un esfuerzo por profundizar los lazos de cooperaci\u00f3n estrat\u00e9gica y hermandad caribe\u00f1a, la presidenta encargada de la Rep\u00fablica Bolivariana de Venezuela, Delcy Rodr\u00edguez, particip\u00f3 este lunes en una reuni\u00f3n de trabajo con la delegaci\u00f3n de alto nivel de Venezuela y autoridades de Barbados.<\/p>\n\n\n\n<p>El encuentro tuvo lugar en el Centro de Convenciones de la Escuela Universitaria de Medicina, donde tambi\u00e9n estuvo presente la Primera Ministra Mottley; con el objetivo de revisar junto a ambas delegaciones la agenda bilateral en \u00e1reas clave para el desarrollo regional.<\/p>\n\n\n\n<figure class=\"wp-block-gallery has-nested-images columns-default is-cropped wp-block-gallery-1 is-layout-flex wp-block-gallery-is-layout-flex\">\n<figure class=\"wp-block-image size-large\"><img fetchpriority=\"high\" decoding=\"async\" width=\"1024\" height=\"683\" data-id=\"45936\" src=\"https:\/\/prensapresidencialvenezuela.gob.ve\/wp-content\/uploads\/2026\/04\/07_JZ_L1655_P-1024x683.jpg\" alt=\"\" class=\"wp-image-45936\" srcset=\"https:\/\/prensapresidencialvenezuela.gob.ve\/wp-content\/uploads\/2026\/04\/07_JZ_L1655_P-1024x683.jpg 1024w, https:\/\/prensapresidencialvenezuela.gob.ve\/wp-content\/uploads\/2026\/04\/07_JZ_L1655_P-300x200.jpg 300w, https:\/\/prensapresidencialvenezuela.gob.ve\/wp-content\/uploads\/2026\/04\/07_JZ_L1655_P-768x512.jpg 768w, https:\/\/prensapresidencialvenezuela.gob.ve\/wp-content\/uploads\/2026\/04\/07_JZ_L1655_P-1536x1024.jpg 1536w, https:\/\/prensapresidencialvenezuela.gob.ve\/wp-content\/uploads\/2026\/04\/07_JZ_L1655_P-2048x1366.jpg 2048w\" sizes=\"(max-width: 1024px) 100vw, 1024px\" \/><\/figure>\n\n\n\n<figure class=\"wp-block-image size-large\"><img decoding=\"async\" width=\"1024\" height=\"683\" data-id=\"45937\" src=\"https:\/\/prensapresidencialvenezuela.gob.ve\/wp-content\/uploads\/2026\/04\/20_JZ_L8566_P-1-1024x683.jpg\" alt=\"\" class=\"wp-image-45937\" srcset=\"https:\/\/prensapresidencialvenezuela.gob.ve\/wp-content\/uploads\/2026\/04\/20_JZ_L8566_P-1-1024x683.jpg 1024w, https:\/\/prensapresidencialvenezuela.gob.ve\/wp-content\/uploads\/2026\/04\/20_JZ_L8566_P-1-300x200.jpg 300w, https:\/\/prensapresidencialvenezuela.gob.ve\/wp-content\/uploads\/2026\/04\/20_JZ_L8566_P-1-768x512.jpg 768w, https:\/\/prensapresidencialvenezuela.gob.ve\/wp-content\/uploads\/2026\/04\/20_JZ_L8566_P-1-1536x1024.jpg 1536w, https:\/\/prensapresidencialvenezuela.gob.ve\/wp-content\/uploads\/2026\/04\/20_JZ_L8566_P-1-2048x1366.jpg 2048w\" sizes=\"(max-width: 1024px) 100vw, 1024px\" \/><\/figure>\n<\/figure>\n\n\n\n<p>Durante la jornada de trabajo, los representantes de ambas naciones evaluaron el progreso de los acuerdos existentes y exploraron nuevas oportunidades de inversi\u00f3n y colaboraci\u00f3n t\u00e9cnica.<\/p>\n\n\n\n<p>En este sentido, es relevante acotar que entre los puntos m\u00e1s destacados de la agenda se incluyeron:<\/p>\n\n\n\n<ul class=\"wp-block-list\">\n<li>Soberan\u00eda energ\u00e9tica.<\/li>\n\n\n\n<li>Conectividad y comercio.<\/li>\n\n\n\n<li>Salud y educaci\u00f3n.<\/li>\n\n\n\n<li>Cambio clim\u00e1tico.<\/li>\n<\/ul>\n\n\n\n<p>Por otra parte, es importante resaltar que este encuentro busca consolidar un bloque de integraci\u00f3n s\u00f3lido. <\/p>\n\n\n\n<p><strong>Prensa Presidencial\/ Irmary D\u00edaz<\/strong><\/p>\n","protected":false},"excerpt":{"rendered":"<p>Barbados. &#8211; En un esfuerzo por profundizar los lazos de cooperaci\u00f3n estrat\u00e9gica y hermandad caribe\u00f1a, la presidenta encargada de la Rep\u00fablica Bolivariana de Venezuela, Delcy Rodr\u00edguez, particip\u00f3 este lunes en una reuni\u00f3n de trabajo con la delegaci\u00f3n de alto nivel de Venezuela y autoridades de Barbados. El encuentro tuvo lugar en el Centro de Convenciones [&hellip;]<\/p>\n","protected":false},"author":15,"featured_media":45934,"comment_status":"open","ping_status":"open","sticky":false,"template":"","format":"standard","meta":{"footnotes":""},"categories":[18,7],"tags":[],"class_list":["post-45933","post","type-post","status-publish","format-standard","has-post-thumbnail","hentry","category-noticias-principales","category-notas-de-prensa"],"_links":{"self":[{"href":"https:\/\/prensapresidencialvenezuela.gob.ve\/index.php\/wp-json\/wp\/v2\/posts\/45933","targetHints":{"allow":["GET"]}}],"collection":[{"href":"https:\/\/prensapresidencialvenezuela.gob.ve\/index.php\/wp-json\/wp\/v2\/posts"}],"about":[{"href":"https:\/\/prensapresidencialvenezuela.gob.ve\/index.php\/wp-json\/wp\/v2\/types\/post"}],"author":[{"embeddable":true,"href":"https:\/\/prensapresidencialvenezuela.gob.ve\/index.php\/wp-json\/wp\/v2\/users\/15"}],"replies":[{"embeddable":true,"href":"https:\/\/prensapresidencialvenezuela.gob.ve\/index.php\/wp-json\/wp\/v2\/comments?post=45933"}],"version-history":[{"count":3,"href":"https:\/\/prensapresidencialvenezuela.gob.ve\/index.php\/wp-json\/wp\/v2\/posts\/45933\/revisions"}],"predecessor-version":[{"id":45952,"href":"https:\/\/prensapresidencialvenezuela.gob.ve\/index.php\/wp-json\/wp\/v2\/posts\/45933\/revisions\/45952"}],"wp:featuredmedia":[{"embeddable":true,"href":"https:\/\/prensapresidencialvenezuela.gob.ve\/index.php\/wp-json\/wp\/v2\/media\/45934"}],"wp:attachment":[{"href":"https:\/\/prensapresidencialvenezuela.gob.ve\/index.php\/wp-json\/wp\/v2\/media?parent=45933"}],"wp:term":[{"taxonomy":"category","embeddable":true,"href":"https:\/\/prensapresidencialvenezuela.gob.ve\/index.php\/wp-json\/wp\/v2\/categories?post=45933"},{"taxonomy":"post_tag","embeddable":true,"href":"https:\/\/prensapresidencialvenezuela.gob.ve\/index.php\/wp-json\/wp\/v2\/tags?post=45933"}],"curies":[{"name":"wp","href":"https:\/\/api.w.org\/{rel}","templated":true}]}}