{"id":45955,"date":"2026-04-27T19:24:09","date_gmt":"2026-04-27T23:24:09","guid":{"rendered":"https:\/\/prensapresidencialvenezuela.gob.ve\/?p=45955"},"modified":"2026-04-27T19:24:09","modified_gmt":"2026-04-27T23:24:09","slug":"presidenta-e-delcy-rodriguez-acuerda-revisar-las-matrices-de-produccion-y-exportacion-entre-ambos-paises","status":"publish","type":"post","link":"https:\/\/prensapresidencialvenezuela.gob.ve\/index.php\/2026\/04\/27\/presidenta-e-delcy-rodriguez-acuerda-revisar-las-matrices-de-produccion-y-exportacion-entre-ambos-paises\/","title":{"rendered":"Presidenta (E) Delcy Rodr\u00edguez acuerda revisar las matrices de producci\u00f3n y exportaci\u00f3n entre ambos pa\u00edses"},"content":{"rendered":"\n<p><strong>Bridgetown. &#8211;<\/strong> En el marco de una productiva jornada de trabajo bilateral, la presidenta encargada de la Rep\u00fablica Bolivariana de Venezuela, Delcy Rodr\u00edguez, anunci\u00f3 el inicio de una revisi\u00f3n profunda de las matrices de producci\u00f3n y exportaci\u00f3n entre Venezuela y Barbados.<\/p>\n\n\n\n<p>Esta iniciativa busca establecer un modelo de intercambio comercial directo y eficiente que elimine la dependencia de intermediarios, permitiendo que ambas naciones satisfagan sus necesidades de bienes a trav\u00e9s de sus capacidades productivas internas y fronteras hermanas.<\/p>\n\n\n\n<blockquote class=\"wp-block-quote is-layout-flow wp-block-quote-is-layout-flow\">\n<p>Al respecto, la Presidenta Encargada subray\u00f3 la necesidad de este esfuerzo conjunto al se\u00f1alar: \u00abHemos acordado revisar nuestras matrices de producci\u00f3n y de exportaci\u00f3n que nos permita ser complementarios; que nosotros podamos adquirir bienes en Barbados y Barbados pueda adquirir bienes en Venezuela sin tener que mirar m\u00e1s all\u00e1 de nuestras fronteras, que son pr\u00f3ximas y hermanas\u00bb.<\/p>\n<\/blockquote>\n\n\n\n<p>Con estos compromisos, se sientan las bases para lo que calific\u00f3 como el nacimiento de \u00abla uni\u00f3n econ\u00f3mica y comercial entre Barbados y Venezuela\u00bb este 27 de abril de 2026.<\/p>\n\n\n\n<p><strong>Prensa Presidencial \/ Kaylib Maita <\/strong><\/p>\n","protected":false},"excerpt":{"rendered":"<p>Bridgetown. &#8211; En el marco de una productiva jornada de trabajo bilateral, la presidenta encargada de la Rep\u00fablica Bolivariana de Venezuela, Delcy Rodr\u00edguez, anunci\u00f3 el inicio de una revisi\u00f3n profunda de las matrices de producci\u00f3n y exportaci\u00f3n entre Venezuela y Barbados. Esta iniciativa busca establecer un modelo de intercambio comercial directo y eficiente que elimine [&hellip;]<\/p>\n","protected":false},"author":21,"featured_media":45947,"comment_status":"open","ping_status":"open","sticky":false,"template":"","format":"standard","meta":{"footnotes":""},"categories":[18,7],"tags":[78,2017,1891,2018,20],"class_list":["post-45955","post","type-post","status-publish","format-standard","has-post-thumbnail","hentry","category-noticias-principales","category-notas-de-prensa","tag-barbados","tag-bridgetown","tag-presidenta-encargada-delcy-rodriguez","tag-produccion-y-exportacion","tag-venezuela"],"_links":{"self":[{"href":"https:\/\/prensapresidencialvenezuela.gob.ve\/index.php\/wp-json\/wp\/v2\/posts\/45955","targetHints":{"allow":["GET"]}}],"collection":[{"href":"https:\/\/prensapresidencialvenezuela.gob.ve\/index.php\/wp-json\/wp\/v2\/posts"}],"about":[{"href":"https:\/\/prensapresidencialvenezuela.gob.ve\/index.php\/wp-json\/wp\/v2\/types\/post"}],"author":[{"embeddable":true,"href":"https:\/\/prensapresidencialvenezuela.gob.ve\/index.php\/wp-json\/wp\/v2\/users\/21"}],"replies":[{"embeddable":true,"href":"https:\/\/prensapresidencialvenezuela.gob.ve\/index.php\/wp-json\/wp\/v2\/comments?post=45955"}],"version-history":[{"count":2,"href":"https:\/\/prensapresidencialvenezuela.gob.ve\/index.php\/wp-json\/wp\/v2\/posts\/45955\/revisions"}],"predecessor-version":[{"id":45964,"href":"https:\/\/prensapresidencialvenezuela.gob.ve\/index.php\/wp-json\/wp\/v2\/posts\/45955\/revisions\/45964"}],"wp:featuredmedia":[{"embeddable":true,"href":"https:\/\/prensapresidencialvenezuela.gob.ve\/index.php\/wp-json\/wp\/v2\/media\/45947"}],"wp:attachment":[{"href":"https:\/\/prensapresidencialvenezuela.gob.ve\/index.php\/wp-json\/wp\/v2\/media?parent=45955"}],"wp:term":[{"taxonomy":"category","embeddable":true,"href":"https:\/\/prensapresidencialvenezuela.gob.ve\/index.php\/wp-json\/wp\/v2\/categories?post=45955"},{"taxonomy":"post_tag","embeddable":true,"href":"https:\/\/prensapresidencialvenezuela.gob.ve\/index.php\/wp-json\/wp\/v2\/tags?post=45955"}],"curies":[{"name":"wp","href":"https:\/\/api.w.org\/{rel}","templated":true}]}}