{"id":45957,"date":"2026-04-27T19:20:27","date_gmt":"2026-04-27T23:20:27","guid":{"rendered":"https:\/\/prensapresidencialvenezuela.gob.ve\/?p=45957"},"modified":"2026-04-27T19:31:57","modified_gmt":"2026-04-27T23:31:57","slug":"presidenta-e-delcy-rodriguez-acuerda-incrementar-el-numero-de-vuelos-entre-venezuela-y-barbados","status":"publish","type":"post","link":"https:\/\/prensapresidencialvenezuela.gob.ve\/index.php\/2026\/04\/27\/presidenta-e-delcy-rodriguez-acuerda-incrementar-el-numero-de-vuelos-entre-venezuela-y-barbados\/","title":{"rendered":"Presidenta (E) Delcy Rodr\u00edguez acuerda incrementar el n\u00famero de vuelos entre Venezuela y Barbados"},"content":{"rendered":"\n<p><strong>Barbados.- <\/strong>En las declaraciones finales sobre la visita oficial de Estado a Barbados que realizara la presidenta Encargada de la Rep\u00fablica Bolivariana de Venezuela, Delcy Rodr\u00edguez, inform\u00f3 que ambas naciones han explorado la posibilidad de incrementar la frecuencia de vuelos directos entre Caracas y Bridgetown.<\/p>\n\n\n\n<p>Esta iniciativa busca no solo facilitar el tr\u00e1nsito de viajeros, sino tambi\u00e9n integrar otros destinos tur\u00edsticos cercanos, creando as\u00ed rutas y experiencias m\u00e1s completas para los visitantes de ambas naciones.<\/p>\n\n\n\n<p>\u00abTuristas que vienen a esta hermosa isla, que podamos ofrecer paquetes tur\u00edsticos de algunos destinos en Venezuela. Y que tambi\u00e9n podamos ofrecer paquetes tur\u00edsticos en Venezuela para visitar Barbados\u00bb, explic\u00f3 la Jefa de Estado Encargada en su alocuci\u00f3n.<\/p>\n\n\n\n<p>Estos paquetes ofrecer\u00e1n la oportunidad de descubrir la riqueza cultural y natural de Venezuela, promoviendo destinos venezolanos poco explorados.<\/p>\n\n\n\n<p><strong>Se activa la conexi\u00f3n mar\u00edtima<\/strong><\/p>\n\n\n\n<p>Rodr\u00edguez detall\u00f3 que es de suma importancia establecer una conexi\u00f3n mar\u00edtima que diversifique las opciones de movilidad y comercio entre ambos pa\u00edses.<\/p>\n\n\n\n<p>\u00abIgualmente, hemos conversado sobre la necesidad de establecer la conexi\u00f3n mar\u00edtima para transporte tanto de personas como de carga. Y algo importante que hemos solicitado desde el Ministerio de Transporte yd el Ministerio de Turismo de Venezuela es poder tener cursos de formaci\u00f3n para nuestros operadores tur\u00edsticos en Barbados\u00bb, detall\u00f3 la Presidenta Encargada en aras de elevar la calidad del servicio y la competitividad del sector tur\u00edstico en Venezuela, aprovechando la experiencia barbadense en la industria.<\/p>\n\n\n\n<p><strong>Prensa Presidencial\/Claudia Guerra M\u00e9ndez<\/strong><\/p>\n","protected":false},"excerpt":{"rendered":"<p>Barbados.- En las declaraciones finales sobre la visita oficial de Estado a Barbados que realizara la presidenta Encargada de la Rep\u00fablica Bolivariana de Venezuela, Delcy Rodr\u00edguez, inform\u00f3 que ambas naciones han explorado la posibilidad de incrementar la frecuencia de vuelos directos entre Caracas y Bridgetown. Esta iniciativa busca no solo facilitar el tr\u00e1nsito de viajeros, [&hellip;]<\/p>\n","protected":false},"author":18,"featured_media":45978,"comment_status":"open","ping_status":"open","sticky":false,"template":"","format":"standard","meta":{"footnotes":""},"categories":[18,7],"tags":[78,122,1891,20],"class_list":["post-45957","post","type-post","status-publish","format-standard","has-post-thumbnail","hentry","category-noticias-principales","category-notas-de-prensa","tag-barbados","tag-delcy-rodriguez","tag-presidenta-encargada-delcy-rodriguez","tag-venezuela"],"_links":{"self":[{"href":"https:\/\/prensapresidencialvenezuela.gob.ve\/index.php\/wp-json\/wp\/v2\/posts\/45957","targetHints":{"allow":["GET"]}}],"collection":[{"href":"https:\/\/prensapresidencialvenezuela.gob.ve\/index.php\/wp-json\/wp\/v2\/posts"}],"about":[{"href":"https:\/\/prensapresidencialvenezuela.gob.ve\/index.php\/wp-json\/wp\/v2\/types\/post"}],"author":[{"embeddable":true,"href":"https:\/\/prensapresidencialvenezuela.gob.ve\/index.php\/wp-json\/wp\/v2\/users\/18"}],"replies":[{"embeddable":true,"href":"https:\/\/prensapresidencialvenezuela.gob.ve\/index.php\/wp-json\/wp\/v2\/comments?post=45957"}],"version-history":[{"count":1,"href":"https:\/\/prensapresidencialvenezuela.gob.ve\/index.php\/wp-json\/wp\/v2\/posts\/45957\/revisions"}],"predecessor-version":[{"id":45960,"href":"https:\/\/prensapresidencialvenezuela.gob.ve\/index.php\/wp-json\/wp\/v2\/posts\/45957\/revisions\/45960"}],"wp:featuredmedia":[{"embeddable":true,"href":"https:\/\/prensapresidencialvenezuela.gob.ve\/index.php\/wp-json\/wp\/v2\/media\/45978"}],"wp:attachment":[{"href":"https:\/\/prensapresidencialvenezuela.gob.ve\/index.php\/wp-json\/wp\/v2\/media?parent=45957"}],"wp:term":[{"taxonomy":"category","embeddable":true,"href":"https:\/\/prensapresidencialvenezuela.gob.ve\/index.php\/wp-json\/wp\/v2\/categories?post=45957"},{"taxonomy":"post_tag","embeddable":true,"href":"https:\/\/prensapresidencialvenezuela.gob.ve\/index.php\/wp-json\/wp\/v2\/tags?post=45957"}],"curies":[{"name":"wp","href":"https:\/\/api.w.org\/{rel}","templated":true}]}}