{"id":45958,"date":"2026-04-27T19:27:28","date_gmt":"2026-04-27T23:27:28","guid":{"rendered":"https:\/\/prensapresidencialvenezuela.gob.ve\/?p=45958"},"modified":"2026-04-27T19:29:27","modified_gmt":"2026-04-27T23:29:27","slug":"presidenta-e-delcy-rodriguez-acuerda-que-barbados-se-convierta-en-un-hub-para-exportar-alimentos-al-caribe-y-africa","status":"publish","type":"post","link":"https:\/\/prensapresidencialvenezuela.gob.ve\/index.php\/2026\/04\/27\/presidenta-e-delcy-rodriguez-acuerda-que-barbados-se-convierta-en-un-hub-para-exportar-alimentos-al-caribe-y-africa\/","title":{"rendered":"Presidenta (E) Delcy Rodr\u00edguez acuerda que Barbados se convierta en un hub para exportar alimentos al Caribe y \u00c1frica"},"content":{"rendered":"\n<p><strong>Bridgetown. &#8211;<\/strong> La presidenta encargada de la Rep\u00fablica Bolivariana de Venezuela, Delcy Rodr\u00edguez, ha formalizado un acuerdo estrat\u00e9gico que posicionar\u00e1 a Barbados como un centro log\u00edstico <strong><em>\u00abhub\u00bb <\/em><\/strong>fundamental para la exportaci\u00f3n de alimentos venezolanos hacia el Caribe y el continente africano.<\/p>\n\n\n\n<p>Esta alianza contempla que la naci\u00f3n caribe\u00f1a produzca rubros agr\u00edcolas directamente en tierras venezolanas, garantizando no solo su seguridad alimentaria interna y el suministro estable, sino tambi\u00e9n la creaci\u00f3n de una plataforma de distribuci\u00f3n internacional de gran envergadura.<\/p>\n\n\n\n<blockquote class=\"wp-block-quote is-layout-flow wp-block-quote-is-layout-flow\">\n<p>Sobre la visi\u00f3n de este proyecto, la Presidenta Encargada explic\u00f3: \u00abUn primer punto es producci\u00f3n de alimentos; que Barbados vaya a Venezuela a producir, en tierras venezolanas, alimentos que le permitan el suministro para Barbados, pero tambi\u00e9n convertir a Barbados en un hub donde podamos exportar alimentos para el Caribe y para \u00c1frica\u00bb.<\/p>\n<\/blockquote>\n\n\n\n<p>Para fortalecer esta iniciativa, se ha invitado formalmente a la delegaci\u00f3n barbadense a conocer la experiencia de la econom\u00eda comunal en el pa\u00eds, destacando<strong><em> \u00abc\u00f3mo las comunidades organizadas pueden garantizar sus propios alimentos\u00bb.<\/em><\/strong><\/p>\n\n\n\n<p><strong>Prensa Presidencial \/ Kaylib Maita <\/strong><\/p>\n","protected":false},"excerpt":{"rendered":"<p>Bridgetown. &#8211; La presidenta encargada de la Rep\u00fablica Bolivariana de Venezuela, Delcy Rodr\u00edguez, ha formalizado un acuerdo estrat\u00e9gico que posicionar\u00e1 a Barbados como un centro log\u00edstico \u00abhub\u00bb fundamental para la exportaci\u00f3n de alimentos venezolanos hacia el Caribe y el continente africano. Esta alianza contempla que la naci\u00f3n caribe\u00f1a produzca rubros agr\u00edcolas directamente en tierras venezolanas, [&hellip;]<\/p>\n","protected":false},"author":21,"featured_media":45974,"comment_status":"open","ping_status":"open","sticky":false,"template":"","format":"standard","meta":{"footnotes":""},"categories":[18,7],"tags":[78,2020,2019,1891,20],"class_list":["post-45958","post","type-post","status-publish","format-standard","has-post-thumbnail","hentry","category-noticias-principales","category-notas-de-prensa","tag-barbados","tag-caribe-y-africa","tag-exportar-alimentos","tag-presidenta-encargada-delcy-rodriguez","tag-venezuela"],"_links":{"self":[{"href":"https:\/\/prensapresidencialvenezuela.gob.ve\/index.php\/wp-json\/wp\/v2\/posts\/45958","targetHints":{"allow":["GET"]}}],"collection":[{"href":"https:\/\/prensapresidencialvenezuela.gob.ve\/index.php\/wp-json\/wp\/v2\/posts"}],"about":[{"href":"https:\/\/prensapresidencialvenezuela.gob.ve\/index.php\/wp-json\/wp\/v2\/types\/post"}],"author":[{"embeddable":true,"href":"https:\/\/prensapresidencialvenezuela.gob.ve\/index.php\/wp-json\/wp\/v2\/users\/21"}],"replies":[{"embeddable":true,"href":"https:\/\/prensapresidencialvenezuela.gob.ve\/index.php\/wp-json\/wp\/v2\/comments?post=45958"}],"version-history":[{"count":1,"href":"https:\/\/prensapresidencialvenezuela.gob.ve\/index.php\/wp-json\/wp\/v2\/posts\/45958\/revisions"}],"predecessor-version":[{"id":45959,"href":"https:\/\/prensapresidencialvenezuela.gob.ve\/index.php\/wp-json\/wp\/v2\/posts\/45958\/revisions\/45959"}],"wp:featuredmedia":[{"embeddable":true,"href":"https:\/\/prensapresidencialvenezuela.gob.ve\/index.php\/wp-json\/wp\/v2\/media\/45974"}],"wp:attachment":[{"href":"https:\/\/prensapresidencialvenezuela.gob.ve\/index.php\/wp-json\/wp\/v2\/media?parent=45958"}],"wp:term":[{"taxonomy":"category","embeddable":true,"href":"https:\/\/prensapresidencialvenezuela.gob.ve\/index.php\/wp-json\/wp\/v2\/categories?post=45958"},{"taxonomy":"post_tag","embeddable":true,"href":"https:\/\/prensapresidencialvenezuela.gob.ve\/index.php\/wp-json\/wp\/v2\/tags?post=45958"}],"curies":[{"name":"wp","href":"https:\/\/api.w.org\/{rel}","templated":true}]}}