{"id":45965,"date":"2026-04-27T19:23:12","date_gmt":"2026-04-27T23:23:12","guid":{"rendered":"https:\/\/prensapresidencialvenezuela.gob.ve\/?p=45965"},"modified":"2026-04-27T19:23:12","modified_gmt":"2026-04-27T23:23:12","slug":"venezuela-y-barbados-consolidan-union-economica-y-comercial","status":"publish","type":"post","link":"https:\/\/prensapresidencialvenezuela.gob.ve\/index.php\/2026\/04\/27\/venezuela-y-barbados-consolidan-union-economica-y-comercial\/","title":{"rendered":"Venezuela y Barbados consolidan uni\u00f3n econ\u00f3mica y comercial"},"content":{"rendered":"\n<p>Bridgetown, Barbados.- La presidenta Encargada de la Rep\u00fablica Bolivariana de Venezuela, Delcy Rodr\u00edguez, tras cerrar con su agenda de trabajo en Bridgetown, Barbados, inform\u00f3 sobre la consolidaci\u00f3n de la uni\u00f3n econ\u00f3mica y comercial entre ambas naciones.<\/p>\n\n\n\n<p>Destac\u00f3 que se establecieron mecanismos estrat\u00e9gicos para profundizar los lazos de hermandad caribe\u00f1a. \u00abLe he dicho a la Primera Ministra que hoy, 27 de abril del 2026, est\u00e1n naciendo la uni\u00f3n econ\u00f3mica y comercial entre Barbados y Venezuela\u00bb, afirm\u00f3, subrayando la importancia de avanzar, considerando la hermandad que acerca a sendos pa\u00edses.<\/p>\n\n\n\n<p>Como parte fundamental de la agenda, la Mandataria Encargada invit\u00f3 a la Primera Ministra a conocer la experiencia de la econom\u00eda comunal en Venezuela, resaltando el papel de las comunidades organizadas en la gesti\u00f3n de sus propios recursos. La propuesta busca compartir el modelo venezolano sobre c\u00f3mo las comunidades organizadas pueden garantizar sus propios alimentos, fortaleciendo la resiliencia local frente a los desaf\u00edos globales.<\/p>\n\n\n\n<p>\u00abYo he invitado a la primera ministra que conozca de primera mano tambi\u00e9n ella y su equipo la experiencia de la econom\u00eda comunal en Venezuela. C\u00f3mo las comunidades organizadas pueden garantizar sus propios alimentos\u00bb, destac\u00f3.<\/p>\n\n\n\n<p>La jornada concluy\u00f3 con un balance positivo que proyecta una nueva etapa de crecimiento compartido en la regi\u00f3n caribe\u00f1a. \u00abHemos terminado con una profunda felicidad por la agenda que hemos construido en sectores de gran envergadura para nuestros pa\u00edses\u00bb, puntualiz\u00f3 la Jefa de Estado Encargada.<\/p>\n\n\n\n<p><strong>Prensa Presidencial \/ Iliana Rosales<\/strong><\/p>\n","protected":false},"excerpt":{"rendered":"<p>Bridgetown, Barbados.- La presidenta Encargada de la Rep\u00fablica Bolivariana de Venezuela, Delcy Rodr\u00edguez, tras cerrar con su agenda de trabajo en Bridgetown, Barbados, inform\u00f3 sobre la consolidaci\u00f3n de la uni\u00f3n econ\u00f3mica y comercial entre ambas naciones. Destac\u00f3 que se establecieron mecanismos estrat\u00e9gicos para profundizar los lazos de hermandad caribe\u00f1a. \u00abLe he dicho a la Primera [&hellip;]<\/p>\n","protected":false},"author":19,"featured_media":45967,"comment_status":"open","ping_status":"open","sticky":false,"template":"","format":"standard","meta":{"footnotes":""},"categories":[18,7],"tags":[122,20],"class_list":["post-45965","post","type-post","status-publish","format-standard","has-post-thumbnail","hentry","category-noticias-principales","category-notas-de-prensa","tag-delcy-rodriguez","tag-venezuela"],"_links":{"self":[{"href":"https:\/\/prensapresidencialvenezuela.gob.ve\/index.php\/wp-json\/wp\/v2\/posts\/45965","targetHints":{"allow":["GET"]}}],"collection":[{"href":"https:\/\/prensapresidencialvenezuela.gob.ve\/index.php\/wp-json\/wp\/v2\/posts"}],"about":[{"href":"https:\/\/prensapresidencialvenezuela.gob.ve\/index.php\/wp-json\/wp\/v2\/types\/post"}],"author":[{"embeddable":true,"href":"https:\/\/prensapresidencialvenezuela.gob.ve\/index.php\/wp-json\/wp\/v2\/users\/19"}],"replies":[{"embeddable":true,"href":"https:\/\/prensapresidencialvenezuela.gob.ve\/index.php\/wp-json\/wp\/v2\/comments?post=45965"}],"version-history":[{"count":1,"href":"https:\/\/prensapresidencialvenezuela.gob.ve\/index.php\/wp-json\/wp\/v2\/posts\/45965\/revisions"}],"predecessor-version":[{"id":45968,"href":"https:\/\/prensapresidencialvenezuela.gob.ve\/index.php\/wp-json\/wp\/v2\/posts\/45965\/revisions\/45968"}],"wp:featuredmedia":[{"embeddable":true,"href":"https:\/\/prensapresidencialvenezuela.gob.ve\/index.php\/wp-json\/wp\/v2\/media\/45967"}],"wp:attachment":[{"href":"https:\/\/prensapresidencialvenezuela.gob.ve\/index.php\/wp-json\/wp\/v2\/media?parent=45965"}],"wp:term":[{"taxonomy":"category","embeddable":true,"href":"https:\/\/prensapresidencialvenezuela.gob.ve\/index.php\/wp-json\/wp\/v2\/categories?post=45965"},{"taxonomy":"post_tag","embeddable":true,"href":"https:\/\/prensapresidencialvenezuela.gob.ve\/index.php\/wp-json\/wp\/v2\/tags?post=45965"}],"curies":[{"name":"wp","href":"https:\/\/api.w.org\/{rel}","templated":true}]}}