{"id":45991,"date":"2026-04-28T06:12:35","date_gmt":"2026-04-28T10:12:35","guid":{"rendered":"https:\/\/prensapresidencialvenezuela.gob.ve\/?p=45991"},"modified":"2026-04-28T06:12:36","modified_gmt":"2026-04-28T10:12:36","slug":"presidenta-encargada-delcy-rodriguez-arriba-al-pais-tras-exitosa-agenda-de-cooperacion-en-barbados","status":"publish","type":"post","link":"https:\/\/prensapresidencialvenezuela.gob.ve\/index.php\/2026\/04\/28\/presidenta-encargada-delcy-rodriguez-arriba-al-pais-tras-exitosa-agenda-de-cooperacion-en-barbados\/","title":{"rendered":"Presidenta encargada Delcy Rodr\u00edguez arriba al pa\u00eds tras exitosa agenda de cooperaci\u00f3n en Barbados"},"content":{"rendered":"\n<p><strong>Maiquet\u00eda . \u2013<\/strong> La presidenta encargada de la Rep\u00fablica Bolivariana de Venezuela, Delcy Rodr\u00edguez, inform\u00f3 este martes su retorno al territorio nacional tras culminar una productiva jornada de trabajo en Barbados.<\/p>\n\n\n\n<p>A trav\u00e9s de sus redes sociales, la Mandataria Encargda expres\u00f3 su satisfacci\u00f3n por los alcances logrados en la isla caribe\u00f1a, resaltando que la cooperaci\u00f3n internacional bajo los principios de respeto y solidaridad es la clave para abrir nuevos horizontes a la juventud venezolana, potenciar la generaci\u00f3n de empleos dignos y consolidar el desarrollo de los sectores industriales estrat\u00e9gicos de la naci\u00f3n.<\/p>\n\n\n\n<p>Rodr\u00edguez coment\u00f3 que este despliegue diplom\u00e1tico forma parte del compromiso inquebrantable de Venezuela con la integraci\u00f3n regional.<\/p>\n\n\n\n<p><strong><em>\u00abSomos hijos e hijas de Bol\u00edvar y lo aprendimos del Comandante Ch\u00e1vez; este es nuestro camino y nada nos detendr\u00e1\u00bb<\/em><\/strong>, afirm\u00f3, subrayando que la uni\u00f3n de Am\u00e9rica Latina y el Caribe sigue siendo el eje fundamental de la pol\u00edtica exterior bolivariana para garantizar un futuro de prosperidad y soberan\u00eda compartida entre los pueblos hermanos.<\/p>\n\n\n\n<p><strong>Prensa Presidencial \/ Kaylib Maita<\/strong><\/p>\n","protected":false},"excerpt":{"rendered":"<p>Maiquet\u00eda . \u2013 La presidenta encargada de la Rep\u00fablica Bolivariana de Venezuela, Delcy Rodr\u00edguez, inform\u00f3 este martes su retorno al territorio nacional tras culminar una productiva jornada de trabajo en Barbados. A trav\u00e9s de sus redes sociales, la Mandataria Encargda expres\u00f3 su satisfacci\u00f3n por los alcances logrados en la isla caribe\u00f1a, resaltando que la cooperaci\u00f3n [&hellip;]<\/p>\n","protected":false},"author":21,"featured_media":45992,"comment_status":"open","ping_status":"open","sticky":false,"template":"","format":"standard","meta":{"footnotes":""},"categories":[18,7],"tags":[1891,20],"class_list":["post-45991","post","type-post","status-publish","format-standard","has-post-thumbnail","hentry","category-noticias-principales","category-notas-de-prensa","tag-presidenta-encargada-delcy-rodriguez","tag-venezuela"],"_links":{"self":[{"href":"https:\/\/prensapresidencialvenezuela.gob.ve\/index.php\/wp-json\/wp\/v2\/posts\/45991","targetHints":{"allow":["GET"]}}],"collection":[{"href":"https:\/\/prensapresidencialvenezuela.gob.ve\/index.php\/wp-json\/wp\/v2\/posts"}],"about":[{"href":"https:\/\/prensapresidencialvenezuela.gob.ve\/index.php\/wp-json\/wp\/v2\/types\/post"}],"author":[{"embeddable":true,"href":"https:\/\/prensapresidencialvenezuela.gob.ve\/index.php\/wp-json\/wp\/v2\/users\/21"}],"replies":[{"embeddable":true,"href":"https:\/\/prensapresidencialvenezuela.gob.ve\/index.php\/wp-json\/wp\/v2\/comments?post=45991"}],"version-history":[{"count":1,"href":"https:\/\/prensapresidencialvenezuela.gob.ve\/index.php\/wp-json\/wp\/v2\/posts\/45991\/revisions"}],"predecessor-version":[{"id":45993,"href":"https:\/\/prensapresidencialvenezuela.gob.ve\/index.php\/wp-json\/wp\/v2\/posts\/45991\/revisions\/45993"}],"wp:featuredmedia":[{"embeddable":true,"href":"https:\/\/prensapresidencialvenezuela.gob.ve\/index.php\/wp-json\/wp\/v2\/media\/45992"}],"wp:attachment":[{"href":"https:\/\/prensapresidencialvenezuela.gob.ve\/index.php\/wp-json\/wp\/v2\/media?parent=45991"}],"wp:term":[{"taxonomy":"category","embeddable":true,"href":"https:\/\/prensapresidencialvenezuela.gob.ve\/index.php\/wp-json\/wp\/v2\/categories?post=45991"},{"taxonomy":"post_tag","embeddable":true,"href":"https:\/\/prensapresidencialvenezuela.gob.ve\/index.php\/wp-json\/wp\/v2\/tags?post=45991"}],"curies":[{"name":"wp","href":"https:\/\/api.w.org\/{rel}","templated":true}]}}