{"id":45999,"date":"2026-04-28T15:32:34","date_gmt":"2026-04-28T19:32:34","guid":{"rendered":"https:\/\/prensapresidencialvenezuela.gob.ve\/?p=45999"},"modified":"2026-04-28T15:32:35","modified_gmt":"2026-04-28T19:32:35","slug":"venezuela-suscribe-acuerdos-con-la-corporacion-nacional-de-hidrocarburos-de-italia-eni","status":"publish","type":"post","link":"https:\/\/prensapresidencialvenezuela.gob.ve\/index.php\/2026\/04\/28\/venezuela-suscribe-acuerdos-con-la-corporacion-nacional-de-hidrocarburos-de-italia-eni\/","title":{"rendered":"Venezuela suscribe acuerdos con la Corporaci\u00f3n Nacional de Hidrocarburos de Italia (ENI)"},"content":{"rendered":"\n<p><strong>Caracas, Venezuela. \u2013 <\/strong>La presidenta encargada de la Rep\u00fablica Bolivariana de Venezuela, Delcy Rodr\u00edguez, en un paso significativo hacia la reactivaci\u00f3n del potencial energ\u00e9tico del pa\u00eds, encabez\u00f3 este martes, el acto oficial de suscripci\u00f3n de nuevos acuerdos de cooperaci\u00f3n entre Petr\u00f3leos de Venezuela (PDVSA) y la Corporaci\u00f3n Nacional de Hidrocarburos (ENI) de Italia.<\/p>\n\n\n\n<figure class=\"wp-block-image size-large\"><img fetchpriority=\"high\" decoding=\"async\" width=\"1024\" height=\"683\" src=\"https:\/\/prensapresidencialvenezuela.gob.ve\/wp-content\/uploads\/2026\/04\/17MG__8362_P-1024x683.jpg\" alt=\"\" class=\"wp-image-46002\" srcset=\"https:\/\/prensapresidencialvenezuela.gob.ve\/wp-content\/uploads\/2026\/04\/17MG__8362_P-1024x683.jpg 1024w, https:\/\/prensapresidencialvenezuela.gob.ve\/wp-content\/uploads\/2026\/04\/17MG__8362_P-300x200.jpg 300w, https:\/\/prensapresidencialvenezuela.gob.ve\/wp-content\/uploads\/2026\/04\/17MG__8362_P-768x512.jpg 768w, https:\/\/prensapresidencialvenezuela.gob.ve\/wp-content\/uploads\/2026\/04\/17MG__8362_P-1536x1025.jpg 1536w, https:\/\/prensapresidencialvenezuela.gob.ve\/wp-content\/uploads\/2026\/04\/17MG__8362_P-2048x1366.jpg 2048w\" sizes=\"(max-width: 1024px) 100vw, 1024px\" \/><\/figure>\n\n\n\n<p>Los convenios refrendados en el Sal\u00f3n Sol del Per\u00fa del Palacio de Miraflores, se realizaron tambi\u00e9n de la mano con el Ministerio del Poder Popular para Hidrocarburos; con el objetivo central de fortalecer la producci\u00f3n conjunta y optimizar la exportaci\u00f3n de petr\u00f3leo; reafirmando as\u00ed, el compromiso del Estado con la transparencia y la captaci\u00f3n de inversi\u00f3n extranjera de alto nivel.<\/p>\n\n\n\n<p>Vale destacar, que estos se enfocan en la ampliaci\u00f3n de operaciones en proyectos de gas natural y crudo liviano, sectores en los que la empresa italiana posee una trayectoria consolidada.<\/p>\n\n\n\n<p>Por otra parte, con la firma de estos acuerdos se reafirma la apertura y normalizaci\u00f3n de las relaciones comerciales de Venezuela con gigantes energ\u00e9ticos globales; ya que, con esta acci\u00f3n, la Mandataria Encargada busca consolidar la recuperaci\u00f3n de la industria petrolera como el motor principal para la estabilizaci\u00f3n econ\u00f3mica y el bienestar social de los venezolanos.<\/p>\n\n\n\n<p>En contexto, es importante recordar que durante la suscripci\u00f3n de convenios el pasado 12 de marzo del presente a\u00f1o, la Presidenta Encargada calific\u00f3 a la empresa italiana, Eni, como aliados estrat\u00e9gicos para el robustecimiento del sector energ\u00e9tico; y al mismo tiempo, le agradeci\u00f3 por su respaldo y lealtad al pa\u00eds \u00aben los momentos m\u00e1s duros\u00bb.<\/p>\n\n\n\n<p>Durante la actividad, la jefa de Estado encargada estuvo acompa\u00f1ada por Paula Henao, ministra del Poder Popular para Hidrocarburos; H\u00e9ctor Obreg\u00f3n, presidente de Petr\u00f3leos de Venezuela, S.A. (PDVSA); Sotty Kokkinos, presidente de Petrojun\u00edn; y por parte de la empresa italiana Eni, Guido Brusco, director de Operaciones de Recursos Naturales y Director General de Eni Venezuela, y Claudio Descalzi, director Ejecutivo.<\/p>\n\n\n\n<p><strong>Prensa Presidencial\/ Irmary D\u00edaz<\/strong><\/p>\n","protected":false},"excerpt":{"rendered":"<p>Caracas, Venezuela. \u2013 La presidenta encargada de la Rep\u00fablica Bolivariana de Venezuela, Delcy Rodr\u00edguez, en un paso significativo hacia la reactivaci\u00f3n del potencial energ\u00e9tico del pa\u00eds, encabez\u00f3 este martes, el acto oficial de suscripci\u00f3n de nuevos acuerdos de cooperaci\u00f3n entre Petr\u00f3leos de Venezuela (PDVSA) y la Corporaci\u00f3n Nacional de Hidrocarburos (ENI) de Italia. Los convenios [&hellip;]<\/p>\n","protected":false},"author":15,"featured_media":46001,"comment_status":"open","ping_status":"open","sticky":false,"template":"","format":"standard","meta":{"footnotes":""},"categories":[18,7],"tags":[],"class_list":["post-45999","post","type-post","status-publish","format-standard","has-post-thumbnail","hentry","category-noticias-principales","category-notas-de-prensa"],"_links":{"self":[{"href":"https:\/\/prensapresidencialvenezuela.gob.ve\/index.php\/wp-json\/wp\/v2\/posts\/45999","targetHints":{"allow":["GET"]}}],"collection":[{"href":"https:\/\/prensapresidencialvenezuela.gob.ve\/index.php\/wp-json\/wp\/v2\/posts"}],"about":[{"href":"https:\/\/prensapresidencialvenezuela.gob.ve\/index.php\/wp-json\/wp\/v2\/types\/post"}],"author":[{"embeddable":true,"href":"https:\/\/prensapresidencialvenezuela.gob.ve\/index.php\/wp-json\/wp\/v2\/users\/15"}],"replies":[{"embeddable":true,"href":"https:\/\/prensapresidencialvenezuela.gob.ve\/index.php\/wp-json\/wp\/v2\/comments?post=45999"}],"version-history":[{"count":1,"href":"https:\/\/prensapresidencialvenezuela.gob.ve\/index.php\/wp-json\/wp\/v2\/posts\/45999\/revisions"}],"predecessor-version":[{"id":46003,"href":"https:\/\/prensapresidencialvenezuela.gob.ve\/index.php\/wp-json\/wp\/v2\/posts\/45999\/revisions\/46003"}],"wp:featuredmedia":[{"embeddable":true,"href":"https:\/\/prensapresidencialvenezuela.gob.ve\/index.php\/wp-json\/wp\/v2\/media\/46001"}],"wp:attachment":[{"href":"https:\/\/prensapresidencialvenezuela.gob.ve\/index.php\/wp-json\/wp\/v2\/media?parent=45999"}],"wp:term":[{"taxonomy":"category","embeddable":true,"href":"https:\/\/prensapresidencialvenezuela.gob.ve\/index.php\/wp-json\/wp\/v2\/categories?post=45999"},{"taxonomy":"post_tag","embeddable":true,"href":"https:\/\/prensapresidencialvenezuela.gob.ve\/index.php\/wp-json\/wp\/v2\/tags?post=45999"}],"curies":[{"name":"wp","href":"https:\/\/api.w.org\/{rel}","templated":true}]}}