{"id":46005,"date":"2026-04-28T18:55:04","date_gmt":"2026-04-28T22:55:04","guid":{"rendered":"https:\/\/prensapresidencialvenezuela.gob.ve\/?p=46005"},"modified":"2026-04-28T19:54:24","modified_gmt":"2026-04-28T23:54:24","slug":"presidenta-e-delcy-rodriguez-visita-la-santa-iglesia-basilica-catedral-nuestra-senora-del-socorro-en-carabobo","status":"publish","type":"post","link":"https:\/\/prensapresidencialvenezuela.gob.ve\/index.php\/2026\/04\/28\/presidenta-e-delcy-rodriguez-visita-la-santa-iglesia-basilica-catedral-nuestra-senora-del-socorro-en-carabobo\/","title":{"rendered":"Presidenta (E) Delcy Rodr\u00edguez visita la santa iglesia \u00abBas\u00edlica Catedral Nuestra Se\u00f1ora del Socorro\u00bb en Carabobo"},"content":{"rendered":"\n<p><strong>Carabobo, Venezuela. \u2013 <\/strong>Este martes, la presidenta encargada de la Rep\u00fablica Bolivariana de Venezuela, Delcy Rodr\u00edguez, visit\u00f3 la Bas\u00edlica Catedral Nuestra Se\u00f1ora del Socorro, ubicada en el coraz\u00f3n de la ciudad de Valencia. <\/p>\n\n\n\n<p>Con este acto de profunda significaci\u00f3n espiritual y compromiso con las tradiciones del pueblo venezolano, la Mandataria Encargada reafirma su compromiso con las ra\u00edces espirituales de la Patria; y reitera el valor de la fe como el pilar fundamental para la cohesi\u00f3n social y la esperanza del pueblo venezolano. <\/p>\n\n\n\n<p>Durante su estancia en el recinto hist\u00f3rico, Rodr\u00edguez fue recibida por autoridades locales y representantes eclesi\u00e1sticos, con quienes recorri\u00f3 los espacios del templo, joya arquitect\u00f3nica y epicentro de la fe carabobe\u00f1a. <\/p>\n\n\n\n<p>La visita a esta iglesia tuvo como eje central un momento de oraci\u00f3n frente a la imagen de la Virgen del Socorro, patrona de la ciudad, donde se elevaron oraciones por la paz, la prosperidad y la uni\u00f3n de todas las familias venezolanas. <\/p>\n\n\n\n<p>Adem\u00e1s, permiti\u00f3 estrechar lazos entre el Ejecutivo Nacional y las instituciones que resguardan el patrimonio hist\u00f3rico-religioso del estado Carabobo, donde la jefa de Estado encargada comparti\u00f3 con los feligreses presentes. <\/p>\n\n\n\n<p>Este sentido, es relevante destacar que esta visita al estado Carabobo, forma parte de la Gran Peregrinaci\u00f3n Nacional por una \u00abVenezuela sin Sanciones y en Paz\u00bb, una movilizaci\u00f3n pol\u00edtica y social que recorre el pa\u00eds para exigir el cese de sanciones y promover la paz. Asimismo, fortalecer el contacto directo con las regiones y sus manifestaciones culturales. <\/p>\n\n\n\n<p><strong>Prensa Presidencial\/ Irmary D\u00edaz<\/strong><\/p>\n","protected":false},"excerpt":{"rendered":"<p>Carabobo, Venezuela. \u2013 Este martes, la presidenta encargada de la Rep\u00fablica Bolivariana de Venezuela, Delcy Rodr\u00edguez, visit\u00f3 la Bas\u00edlica Catedral Nuestra Se\u00f1ora del Socorro, ubicada en el coraz\u00f3n de la ciudad de Valencia. Con este acto de profunda significaci\u00f3n espiritual y compromiso con las tradiciones del pueblo venezolano, la Mandataria Encargada reafirma su compromiso con [&hellip;]<\/p>\n","protected":false},"author":15,"featured_media":46034,"comment_status":"open","ping_status":"open","sticky":false,"template":"","format":"standard","meta":{"footnotes":""},"categories":[18,7],"tags":[],"class_list":["post-46005","post","type-post","status-publish","format-standard","has-post-thumbnail","hentry","category-noticias-principales","category-notas-de-prensa"],"_links":{"self":[{"href":"https:\/\/prensapresidencialvenezuela.gob.ve\/index.php\/wp-json\/wp\/v2\/posts\/46005","targetHints":{"allow":["GET"]}}],"collection":[{"href":"https:\/\/prensapresidencialvenezuela.gob.ve\/index.php\/wp-json\/wp\/v2\/posts"}],"about":[{"href":"https:\/\/prensapresidencialvenezuela.gob.ve\/index.php\/wp-json\/wp\/v2\/types\/post"}],"author":[{"embeddable":true,"href":"https:\/\/prensapresidencialvenezuela.gob.ve\/index.php\/wp-json\/wp\/v2\/users\/15"}],"replies":[{"embeddable":true,"href":"https:\/\/prensapresidencialvenezuela.gob.ve\/index.php\/wp-json\/wp\/v2\/comments?post=46005"}],"version-history":[{"count":4,"href":"https:\/\/prensapresidencialvenezuela.gob.ve\/index.php\/wp-json\/wp\/v2\/posts\/46005\/revisions"}],"predecessor-version":[{"id":46038,"href":"https:\/\/prensapresidencialvenezuela.gob.ve\/index.php\/wp-json\/wp\/v2\/posts\/46005\/revisions\/46038"}],"wp:featuredmedia":[{"embeddable":true,"href":"https:\/\/prensapresidencialvenezuela.gob.ve\/index.php\/wp-json\/wp\/v2\/media\/46034"}],"wp:attachment":[{"href":"https:\/\/prensapresidencialvenezuela.gob.ve\/index.php\/wp-json\/wp\/v2\/media?parent=46005"}],"wp:term":[{"taxonomy":"category","embeddable":true,"href":"https:\/\/prensapresidencialvenezuela.gob.ve\/index.php\/wp-json\/wp\/v2\/categories?post=46005"},{"taxonomy":"post_tag","embeddable":true,"href":"https:\/\/prensapresidencialvenezuela.gob.ve\/index.php\/wp-json\/wp\/v2\/tags?post=46005"}],"curies":[{"name":"wp","href":"https:\/\/api.w.org\/{rel}","templated":true}]}}