{"id":46010,"date":"2026-04-28T18:08:45","date_gmt":"2026-04-28T22:08:45","guid":{"rendered":"https:\/\/prensapresidencialvenezuela.gob.ve\/?p=46010"},"modified":"2026-04-28T18:08:45","modified_gmt":"2026-04-28T22:08:45","slug":"presidenta-e-delcy-rodriguez-envia-un-mensaje-de-agradecimiento-primera-ministra-de-italia","status":"publish","type":"post","link":"https:\/\/prensapresidencialvenezuela.gob.ve\/index.php\/2026\/04\/28\/presidenta-e-delcy-rodriguez-envia-un-mensaje-de-agradecimiento-primera-ministra-de-italia\/","title":{"rendered":"Presidenta (E) Delcy Rodr\u00edguez env\u00eda un mensaje de agradecimiento Primera Ministra de Italia"},"content":{"rendered":"\n<p><strong>Palacio de Miraflores, Caracas.-<\/strong> Un profundo agradecimiento extendi\u00f3 la presidenta Encargada de la Rep\u00fablica Bolivariana de Venezuela, Delcy Rodr\u00edguez, a Primera Ministra de Italia, Giorgia Meloni, y al pueblo italiano, tras la suscripci\u00f3n de acuerdos entre la empresa Eni y la industria petrolera venezolana.<\/p>\n\n\n\n<p>\u00abLleve el agradecimiento a la Primera Ministra Meloni, al pueblo de Italia, por este paso que estamos dando juntos, tanto la empresa como Venezuela\u00bb, dijo la Jefa de Estado Encargada a las autoridades de la empresa italiana presentes.<\/p>\n\n\n\n<p>Para Rodr\u00edguez, estos acuerdos demuestran el compromiso de ambas naciones en fortalecer la producci\u00f3n petrolera en Venezuela. Se espera que, a corto plazo, se revelen los detalles precisos sobre el impacto de este acuerdo.<\/p>\n\n\n\n<p>Finalmente, la Presidenta Encargada asegur\u00f3 que este d\u00eda quedar\u00e1 grabado en la historia como un paso firme hacia la prosperidad compartida entre naciones.<\/p>\n\n\n\n<p><strong>Prensa Presidencial\/ Claudia Guerra M\u00e9ndez<\/strong><\/p>\n","protected":false},"excerpt":{"rendered":"<p>Palacio de Miraflores, Caracas.- Un profundo agradecimiento extendi\u00f3 la presidenta Encargada de la Rep\u00fablica Bolivariana de Venezuela, Delcy Rodr\u00edguez, a Primera Ministra de Italia, Giorgia Meloni, y al pueblo italiano, tras la suscripci\u00f3n de acuerdos entre la empresa Eni y la industria petrolera venezolana. \u00abLleve el agradecimiento a la Primera Ministra Meloni, al pueblo de [&hellip;]<\/p>\n","protected":false},"author":18,"featured_media":46011,"comment_status":"open","ping_status":"open","sticky":false,"template":"","format":"standard","meta":{"footnotes":""},"categories":[18,7],"tags":[122,1913,1891,20],"class_list":["post-46010","post","type-post","status-publish","format-standard","has-post-thumbnail","hentry","category-noticias-principales","category-notas-de-prensa","tag-delcy-rodriguez","tag-italia","tag-presidenta-encargada-delcy-rodriguez","tag-venezuela"],"_links":{"self":[{"href":"https:\/\/prensapresidencialvenezuela.gob.ve\/index.php\/wp-json\/wp\/v2\/posts\/46010","targetHints":{"allow":["GET"]}}],"collection":[{"href":"https:\/\/prensapresidencialvenezuela.gob.ve\/index.php\/wp-json\/wp\/v2\/posts"}],"about":[{"href":"https:\/\/prensapresidencialvenezuela.gob.ve\/index.php\/wp-json\/wp\/v2\/types\/post"}],"author":[{"embeddable":true,"href":"https:\/\/prensapresidencialvenezuela.gob.ve\/index.php\/wp-json\/wp\/v2\/users\/18"}],"replies":[{"embeddable":true,"href":"https:\/\/prensapresidencialvenezuela.gob.ve\/index.php\/wp-json\/wp\/v2\/comments?post=46010"}],"version-history":[{"count":1,"href":"https:\/\/prensapresidencialvenezuela.gob.ve\/index.php\/wp-json\/wp\/v2\/posts\/46010\/revisions"}],"predecessor-version":[{"id":46012,"href":"https:\/\/prensapresidencialvenezuela.gob.ve\/index.php\/wp-json\/wp\/v2\/posts\/46010\/revisions\/46012"}],"wp:featuredmedia":[{"embeddable":true,"href":"https:\/\/prensapresidencialvenezuela.gob.ve\/index.php\/wp-json\/wp\/v2\/media\/46011"}],"wp:attachment":[{"href":"https:\/\/prensapresidencialvenezuela.gob.ve\/index.php\/wp-json\/wp\/v2\/media?parent=46010"}],"wp:term":[{"taxonomy":"category","embeddable":true,"href":"https:\/\/prensapresidencialvenezuela.gob.ve\/index.php\/wp-json\/wp\/v2\/categories?post=46010"},{"taxonomy":"post_tag","embeddable":true,"href":"https:\/\/prensapresidencialvenezuela.gob.ve\/index.php\/wp-json\/wp\/v2\/tags?post=46010"}],"curies":[{"name":"wp","href":"https:\/\/api.w.org\/{rel}","templated":true}]}}