{"id":46013,"date":"2026-04-28T18:09:38","date_gmt":"2026-04-28T22:09:38","guid":{"rendered":"https:\/\/prensapresidencialvenezuela.gob.ve\/?p=46013"},"modified":"2026-04-28T18:09:39","modified_gmt":"2026-04-28T22:09:39","slug":"gran-peregrinacion-nacional-por-una-venezuela-sin-sanciones-y-en-paz-llega-a-carabobo","status":"publish","type":"post","link":"https:\/\/prensapresidencialvenezuela.gob.ve\/index.php\/2026\/04\/28\/gran-peregrinacion-nacional-por-una-venezuela-sin-sanciones-y-en-paz-llega-a-carabobo\/","title":{"rendered":"\u201cGran Peregrinaci\u00f3n Nacional por una Venezuela sin Sanciones y en Paz\u201d llega a Carabobo"},"content":{"rendered":"\n<p>Valencia, Carabobo.\u2014 La presidenta Encargada de la Rep\u00fablica Bolivariana de Venezuela, Delcy Rodr\u00edguez, encabeza este martes la llegada al estado Carabobo de la Gran Peregrinaci\u00f3n por una Venezuela sin Sanciones y en Paz. Este evento marca el inicio de una serie de encuentros con diversos sectores sociales, con un enfoque que busca trascender las diferencias pol\u00edticas.<\/p>\n\n\n\n<p>La movilizaci\u00f3n, que recorre diversos puntos de la ciudad de Valencia, cuenta con la participaci\u00f3n destacada de l\u00edderes locales y del gobernador de la entidad, Rafael Lacava. En los \u00faltimos d\u00edas, esta caravana ha visitado los estados Sucre, Zulia, Falc\u00f3n, Yaracuy, Lara y Portuguesa, como parte de una iniciativa de lucha pac\u00edfica contra el esquema de sanciones que afecta a la Naci\u00f3n.<\/p>\n\n\n\n<p>El evento, que en esta ocasi\u00f3n arriba a una de las entidades estrat\u00e9gicas del centro del pa\u00eds, busca consolidar una convocatoria de siete d\u00edas continuos. El objetivo es sumar voluntades en respaldo a la estabilidad econ\u00f3mica, el desarrollo nacional y el bienestar integral de todos los venezolanos.<\/p>\n\n\n\n<p>Ante las agresiones que intentan vulnerar la paz, el pueblo manifiesta a trav\u00e9s de esta gran caravana que no existen barreras ideol\u00f3gicas cuando el prop\u00f3sito es la defensa de los intereses de la Patria.<\/p>\n\n\n\n<p><strong>Prensa Presidencial \/ Iliana Rosales<\/strong><\/p>\n\n\n\n<p><\/p>\n","protected":false},"excerpt":{"rendered":"<p>Valencia, Carabobo.\u2014 La presidenta Encargada de la Rep\u00fablica Bolivariana de Venezuela, Delcy Rodr\u00edguez, encabeza este martes la llegada al estado Carabobo de la Gran Peregrinaci\u00f3n por una Venezuela sin Sanciones y en Paz. Este evento marca el inicio de una serie de encuentros con diversos sectores sociales, con un enfoque que busca trascender las diferencias [&hellip;]<\/p>\n","protected":false},"author":19,"featured_media":46014,"comment_status":"open","ping_status":"open","sticky":false,"template":"","format":"standard","meta":{"footnotes":""},"categories":[18,7],"tags":[122,20],"class_list":["post-46013","post","type-post","status-publish","format-standard","has-post-thumbnail","hentry","category-noticias-principales","category-notas-de-prensa","tag-delcy-rodriguez","tag-venezuela"],"_links":{"self":[{"href":"https:\/\/prensapresidencialvenezuela.gob.ve\/index.php\/wp-json\/wp\/v2\/posts\/46013","targetHints":{"allow":["GET"]}}],"collection":[{"href":"https:\/\/prensapresidencialvenezuela.gob.ve\/index.php\/wp-json\/wp\/v2\/posts"}],"about":[{"href":"https:\/\/prensapresidencialvenezuela.gob.ve\/index.php\/wp-json\/wp\/v2\/types\/post"}],"author":[{"embeddable":true,"href":"https:\/\/prensapresidencialvenezuela.gob.ve\/index.php\/wp-json\/wp\/v2\/users\/19"}],"replies":[{"embeddable":true,"href":"https:\/\/prensapresidencialvenezuela.gob.ve\/index.php\/wp-json\/wp\/v2\/comments?post=46013"}],"version-history":[{"count":1,"href":"https:\/\/prensapresidencialvenezuela.gob.ve\/index.php\/wp-json\/wp\/v2\/posts\/46013\/revisions"}],"predecessor-version":[{"id":46015,"href":"https:\/\/prensapresidencialvenezuela.gob.ve\/index.php\/wp-json\/wp\/v2\/posts\/46013\/revisions\/46015"}],"wp:featuredmedia":[{"embeddable":true,"href":"https:\/\/prensapresidencialvenezuela.gob.ve\/index.php\/wp-json\/wp\/v2\/media\/46014"}],"wp:attachment":[{"href":"https:\/\/prensapresidencialvenezuela.gob.ve\/index.php\/wp-json\/wp\/v2\/media?parent=46013"}],"wp:term":[{"taxonomy":"category","embeddable":true,"href":"https:\/\/prensapresidencialvenezuela.gob.ve\/index.php\/wp-json\/wp\/v2\/categories?post=46013"},{"taxonomy":"post_tag","embeddable":true,"href":"https:\/\/prensapresidencialvenezuela.gob.ve\/index.php\/wp-json\/wp\/v2\/tags?post=46013"}],"curies":[{"name":"wp","href":"https:\/\/api.w.org\/{rel}","templated":true}]}}