{"id":46017,"date":"2026-04-28T18:07:32","date_gmt":"2026-04-28T22:07:32","guid":{"rendered":"https:\/\/prensapresidencialvenezuela.gob.ve\/?p=46017"},"modified":"2026-04-28T18:07:33","modified_gmt":"2026-04-28T22:07:33","slug":"presidenta-e-delcy-rodriguez-reconoce-a-eni-por-mantenerse-en-venezuela-y-afianzar-los-lazos-de-cooperacion","status":"publish","type":"post","link":"https:\/\/prensapresidencialvenezuela.gob.ve\/index.php\/2026\/04\/28\/presidenta-e-delcy-rodriguez-reconoce-a-eni-por-mantenerse-en-venezuela-y-afianzar-los-lazos-de-cooperacion\/","title":{"rendered":"Presidenta (E) Delcy Rodr\u00edguez reconoce a ENI por mantenerse en Venezuela y afianzar los lazos de cooperaci\u00f3n"},"content":{"rendered":"\n<p><strong>Palacio de Miraflores. \u2014<\/strong> En el marco de un acto oficial para el sector energ\u00e9tico nacional, la presidenta encargada de la Rep\u00fablica Bolivariana de Venezuela, Delcy Rodr\u00edguez, resalt\u00f3 la trayectoria y el compromiso de la empresa italiana ENI en el pa\u00eds.<\/p>\n\n\n\n<p>Durante su intervenci\u00f3n, Rodr\u00edguez coment\u00f3 que la compa\u00f1\u00eda europea ha mantenido su presencia y sus planes de producci\u00f3n de gas de manera ininterrumpida, se\u00f1alando que <strong><em>\u00abENI no se fue del pa\u00eds. ENI estuvo en Venezuela y hemos podido afianzar nuestros lazos de cooperaci\u00f3n\u00bb.<\/em><\/strong> Este reconocimiento subraya la importancia de haber permanecido en territorio venezolano para fortalecer la alianza estrat\u00e9gica a trav\u00e9s de proyectos conjuntos.<\/p>\n\n\n\n<p>La Presidenta Encargada calific\u00f3 la firma de los nuevos acuerdos como un hito hist\u00f3rico que define una nueva etapa en la relaci\u00f3n bilateral, destacando que se trata de <strong><em>\u00abuna de las apuestas m\u00e1s importantes que se ha hecho en Venezuela en los \u00faltimos tiempos\u00bb.<\/em><\/strong><\/p>\n\n\n\n<p>Rodr\u00edguez subray\u00f3 que esta alianza estrat\u00e9gica no solo busca el bienestar del pueblo venezolano, sino que tambi\u00e9n tendr\u00e1 un impacto positivo en la econom\u00eda de Italia, los pueblos de Europa y el mercado energ\u00e9tico internacional en general.<\/p>\n\n\n\n<p>Prensa Presidencial \/ Kaylib Maita <\/p>\n","protected":false},"excerpt":{"rendered":"<p>Palacio de Miraflores. \u2014 En el marco de un acto oficial para el sector energ\u00e9tico nacional, la presidenta encargada de la Rep\u00fablica Bolivariana de Venezuela, Delcy Rodr\u00edguez, resalt\u00f3 la trayectoria y el compromiso de la empresa italiana ENI en el pa\u00eds. Durante su intervenci\u00f3n, Rodr\u00edguez coment\u00f3 que la compa\u00f1\u00eda europea ha mantenido su presencia y [&hellip;]<\/p>\n","protected":false},"author":21,"featured_media":46021,"comment_status":"open","ping_status":"open","sticky":false,"template":"","format":"standard","meta":{"footnotes":""},"categories":[18,7],"tags":[2021,1891,20],"class_list":["post-46017","post","type-post","status-publish","format-standard","has-post-thumbnail","hentry","category-noticias-principales","category-notas-de-prensa","tag-eni","tag-presidenta-encargada-delcy-rodriguez","tag-venezuela"],"_links":{"self":[{"href":"https:\/\/prensapresidencialvenezuela.gob.ve\/index.php\/wp-json\/wp\/v2\/posts\/46017","targetHints":{"allow":["GET"]}}],"collection":[{"href":"https:\/\/prensapresidencialvenezuela.gob.ve\/index.php\/wp-json\/wp\/v2\/posts"}],"about":[{"href":"https:\/\/prensapresidencialvenezuela.gob.ve\/index.php\/wp-json\/wp\/v2\/types\/post"}],"author":[{"embeddable":true,"href":"https:\/\/prensapresidencialvenezuela.gob.ve\/index.php\/wp-json\/wp\/v2\/users\/21"}],"replies":[{"embeddable":true,"href":"https:\/\/prensapresidencialvenezuela.gob.ve\/index.php\/wp-json\/wp\/v2\/comments?post=46017"}],"version-history":[{"count":2,"href":"https:\/\/prensapresidencialvenezuela.gob.ve\/index.php\/wp-json\/wp\/v2\/posts\/46017\/revisions"}],"predecessor-version":[{"id":46023,"href":"https:\/\/prensapresidencialvenezuela.gob.ve\/index.php\/wp-json\/wp\/v2\/posts\/46017\/revisions\/46023"}],"wp:featuredmedia":[{"embeddable":true,"href":"https:\/\/prensapresidencialvenezuela.gob.ve\/index.php\/wp-json\/wp\/v2\/media\/46021"}],"wp:attachment":[{"href":"https:\/\/prensapresidencialvenezuela.gob.ve\/index.php\/wp-json\/wp\/v2\/media?parent=46017"}],"wp:term":[{"taxonomy":"category","embeddable":true,"href":"https:\/\/prensapresidencialvenezuela.gob.ve\/index.php\/wp-json\/wp\/v2\/categories?post=46017"},{"taxonomy":"post_tag","embeddable":true,"href":"https:\/\/prensapresidencialvenezuela.gob.ve\/index.php\/wp-json\/wp\/v2\/tags?post=46017"}],"curies":[{"name":"wp","href":"https:\/\/api.w.org\/{rel}","templated":true}]}}