{"id":46018,"date":"2026-04-28T18:10:09","date_gmt":"2026-04-28T22:10:09","guid":{"rendered":"https:\/\/prensapresidencialvenezuela.gob.ve\/?p=46018"},"modified":"2026-04-28T18:10:09","modified_gmt":"2026-04-28T22:10:09","slug":"presidenta-e-delcy-rodriguez-lidera-encuentro-con-sectores-sociales-de-carabobo","status":"publish","type":"post","link":"https:\/\/prensapresidencialvenezuela.gob.ve\/index.php\/2026\/04\/28\/presidenta-e-delcy-rodriguez-lidera-encuentro-con-sectores-sociales-de-carabobo\/","title":{"rendered":"Presidenta (E) Delcy Rodr\u00edguez lidera encuentro con sectores sociales de Carabobo"},"content":{"rendered":"\n<p>Valencia, Carabobo.\u2014 La presidenta Encargada de la Rep\u00fablica Bolivariana de Venezuela, Delcy Rodr\u00edguez, participa este martes en un encuentro con diversos sectores sociales del estado Carabobo, en el marco de la Gran Peregrinaci\u00f3n por una Venezuela sin Sanciones y en Paz.<\/p>\n\n\n\n<p>La actividad, que tiene como escenario el Teatro Municipal de Valencia, inici\u00f3 con una muestra musical tradicional venezolana por parte de El Sistema, como expresi\u00f3n de la riqueza de la identidad colectiva y la diversidad de la regi\u00f3n.<\/p>\n\n\n\n<p>El encuentro se consolida como un espacio de fomento y proyecci\u00f3n que, adem\u00e1s de manifestar un firme rechazo al esquema de sanciones y al bloqueo, exalta la esencia pac\u00edfica del pueblo venezolano y su compromiso con la uni\u00f3n nacional frente a las adversidades.<\/p>\n\n\n\n<p><strong>Un icono hist\u00f3rico<\/strong><\/p>\n\n\n\n<p>El Teatro Municipal de Valencia es el principal referente cultural del centro hist\u00f3rico de la capital carabobe\u00f1a. Inaugurado en 1894, fue declarado Monumento Hist\u00f3rico Nacional en 1964 por su invaluable arquitectura y el patrimonio art\u00edstico que resguarda, destacando el plaf\u00f3n del techo, obra del maestro Antonio Herrera Toro.<\/p>\n\n\n\n<p><strong>Prensa Presidencial \/ Iliana Rosales<\/strong><\/p>\n","protected":false},"excerpt":{"rendered":"<p>Valencia, Carabobo.\u2014 La presidenta Encargada de la Rep\u00fablica Bolivariana de Venezuela, Delcy Rodr\u00edguez, participa este martes en un encuentro con diversos sectores sociales del estado Carabobo, en el marco de la Gran Peregrinaci\u00f3n por una Venezuela sin Sanciones y en Paz. La actividad, que tiene como escenario el Teatro Municipal de Valencia, inici\u00f3 con una [&hellip;]<\/p>\n","protected":false},"author":19,"featured_media":46019,"comment_status":"open","ping_status":"open","sticky":false,"template":"","format":"standard","meta":{"footnotes":""},"categories":[18,7],"tags":[122,20],"class_list":["post-46018","post","type-post","status-publish","format-standard","has-post-thumbnail","hentry","category-noticias-principales","category-notas-de-prensa","tag-delcy-rodriguez","tag-venezuela"],"_links":{"self":[{"href":"https:\/\/prensapresidencialvenezuela.gob.ve\/index.php\/wp-json\/wp\/v2\/posts\/46018","targetHints":{"allow":["GET"]}}],"collection":[{"href":"https:\/\/prensapresidencialvenezuela.gob.ve\/index.php\/wp-json\/wp\/v2\/posts"}],"about":[{"href":"https:\/\/prensapresidencialvenezuela.gob.ve\/index.php\/wp-json\/wp\/v2\/types\/post"}],"author":[{"embeddable":true,"href":"https:\/\/prensapresidencialvenezuela.gob.ve\/index.php\/wp-json\/wp\/v2\/users\/19"}],"replies":[{"embeddable":true,"href":"https:\/\/prensapresidencialvenezuela.gob.ve\/index.php\/wp-json\/wp\/v2\/comments?post=46018"}],"version-history":[{"count":1,"href":"https:\/\/prensapresidencialvenezuela.gob.ve\/index.php\/wp-json\/wp\/v2\/posts\/46018\/revisions"}],"predecessor-version":[{"id":46020,"href":"https:\/\/prensapresidencialvenezuela.gob.ve\/index.php\/wp-json\/wp\/v2\/posts\/46018\/revisions\/46020"}],"wp:featuredmedia":[{"embeddable":true,"href":"https:\/\/prensapresidencialvenezuela.gob.ve\/index.php\/wp-json\/wp\/v2\/media\/46019"}],"wp:attachment":[{"href":"https:\/\/prensapresidencialvenezuela.gob.ve\/index.php\/wp-json\/wp\/v2\/media?parent=46018"}],"wp:term":[{"taxonomy":"category","embeddable":true,"href":"https:\/\/prensapresidencialvenezuela.gob.ve\/index.php\/wp-json\/wp\/v2\/categories?post=46018"},{"taxonomy":"post_tag","embeddable":true,"href":"https:\/\/prensapresidencialvenezuela.gob.ve\/index.php\/wp-json\/wp\/v2\/tags?post=46018"}],"curies":[{"name":"wp","href":"https:\/\/api.w.org\/{rel}","templated":true}]}}