{"id":46044,"date":"2026-04-29T06:43:25","date_gmt":"2026-04-29T10:43:25","guid":{"rendered":"https:\/\/prensapresidencialvenezuela.gob.ve\/?p=46044"},"modified":"2026-04-29T06:43:26","modified_gmt":"2026-04-29T10:43:26","slug":"reactivan-planta-centro-y-josefa-camejo-para-estabilizar-energia-carabobo","status":"publish","type":"post","link":"https:\/\/prensapresidencialvenezuela.gob.ve\/index.php\/2026\/04\/29\/reactivan-planta-centro-y-josefa-camejo-para-estabilizar-energia-carabobo\/","title":{"rendered":"Reactivan Planta Centro y Josefa Camejo para estabilizar energ\u00eda Carabobo"},"content":{"rendered":"\n<p><strong>Valencia, Carabobo. &#8211;<\/strong> Como parte de la agenda de reactivaci\u00f3n industrial en el estado Carabobo, la presidenta encargada de la Rep\u00fablica Bolivariana de Venezuela, Delcy Rodr\u00edguez, anunci\u00f3 la aceleraci\u00f3n de trabajos en dos frentes energ\u00e9ticos vitales para la regi\u00f3n central y occidental del pa\u00eds.<\/p>\n\n\n\n<p>La Mandataria Encargda ratific\u00f3 que la puesta en marcha de la unidad de 600 megavatios en Planta Centro es una prioridad absoluta de la gesti\u00f3n del Gobierno Bolivariano, sumada a los 150 megavatios que aportar\u00e1 la planta Josefa Camejo para estabilizar el Sistema El\u00e9ctrico Nacional (SEN).<\/p>\n\n\n\n<p>Rodr\u00edguez explic\u00f3 que, tras una d\u00e9cada de bloqueo que impidi\u00f3 la compra de insumos b\u00e1sicos a empresas internacionales, el pa\u00eds ha logrado avanzar con esfuerzo propio.<\/p>\n\n\n\n<blockquote class=\"wp-block-quote is-layout-flow wp-block-quote-is-layout-flow\">\n<p>\u00abS\u00e9 el tema el\u00e9ctrico en el pa\u00eds, m\u00e1s de una d\u00e9cada de bloqueo donde no pod\u00edamos ir a Siemens, a General Electric o a Mitsubishi para adquirir ni siquiera un tornillo. Las soluciones no son de un d\u00eda para otro, pero yo s\u00e9 que este a\u00f1o nosotros lo vamos a ver y el estado Carabobo se va a beneficiar; es cuesti\u00f3n de pocos meses\u00bb, asegur\u00f3 la jefa de Estado encargada.<\/p>\n<\/blockquote>\n\n\n\n<p><strong>Prensa Presidencial \/ Kaylib Maita<\/strong><\/p>\n","protected":false},"excerpt":{"rendered":"<p>Valencia, Carabobo. &#8211; Como parte de la agenda de reactivaci\u00f3n industrial en el estado Carabobo, la presidenta encargada de la Rep\u00fablica Bolivariana de Venezuela, Delcy Rodr\u00edguez, anunci\u00f3 la aceleraci\u00f3n de trabajos en dos frentes energ\u00e9ticos vitales para la regi\u00f3n central y occidental del pa\u00eds. La Mandataria Encargda ratific\u00f3 que la puesta en marcha de la [&hellip;]<\/p>\n","protected":false},"author":21,"featured_media":46045,"comment_status":"open","ping_status":"open","sticky":false,"template":"","format":"standard","meta":{"footnotes":""},"categories":[18,7],"tags":[584,2022,1891,20],"class_list":["post-46044","post","type-post","status-publish","format-standard","has-post-thumbnail","hentry","category-noticias-principales","category-notas-de-prensa","tag-carabobo","tag-planta-centro-y-josefa-camejo","tag-presidenta-encargada-delcy-rodriguez","tag-venezuela"],"_links":{"self":[{"href":"https:\/\/prensapresidencialvenezuela.gob.ve\/index.php\/wp-json\/wp\/v2\/posts\/46044","targetHints":{"allow":["GET"]}}],"collection":[{"href":"https:\/\/prensapresidencialvenezuela.gob.ve\/index.php\/wp-json\/wp\/v2\/posts"}],"about":[{"href":"https:\/\/prensapresidencialvenezuela.gob.ve\/index.php\/wp-json\/wp\/v2\/types\/post"}],"author":[{"embeddable":true,"href":"https:\/\/prensapresidencialvenezuela.gob.ve\/index.php\/wp-json\/wp\/v2\/users\/21"}],"replies":[{"embeddable":true,"href":"https:\/\/prensapresidencialvenezuela.gob.ve\/index.php\/wp-json\/wp\/v2\/comments?post=46044"}],"version-history":[{"count":1,"href":"https:\/\/prensapresidencialvenezuela.gob.ve\/index.php\/wp-json\/wp\/v2\/posts\/46044\/revisions"}],"predecessor-version":[{"id":46046,"href":"https:\/\/prensapresidencialvenezuela.gob.ve\/index.php\/wp-json\/wp\/v2\/posts\/46044\/revisions\/46046"}],"wp:featuredmedia":[{"embeddable":true,"href":"https:\/\/prensapresidencialvenezuela.gob.ve\/index.php\/wp-json\/wp\/v2\/media\/46045"}],"wp:attachment":[{"href":"https:\/\/prensapresidencialvenezuela.gob.ve\/index.php\/wp-json\/wp\/v2\/media?parent=46044"}],"wp:term":[{"taxonomy":"category","embeddable":true,"href":"https:\/\/prensapresidencialvenezuela.gob.ve\/index.php\/wp-json\/wp\/v2\/categories?post=46044"},{"taxonomy":"post_tag","embeddable":true,"href":"https:\/\/prensapresidencialvenezuela.gob.ve\/index.php\/wp-json\/wp\/v2\/tags?post=46044"}],"curies":[{"name":"wp","href":"https:\/\/api.w.org\/{rel}","templated":true}]}}