{"id":46047,"date":"2026-04-29T06:43:50","date_gmt":"2026-04-29T10:43:50","guid":{"rendered":"https:\/\/prensapresidencialvenezuela.gob.ve\/?p=46047"},"modified":"2026-04-29T06:43:51","modified_gmt":"2026-04-29T10:43:51","slug":"ejecutivo-nacional-entrega-primera-fase-recuperada-de-la-ciudad-hospitalaria-enrique-tejera","status":"publish","type":"post","link":"https:\/\/prensapresidencialvenezuela.gob.ve\/index.php\/2026\/04\/29\/ejecutivo-nacional-entrega-primera-fase-recuperada-de-la-ciudad-hospitalaria-enrique-tejera\/","title":{"rendered":"Ejecutivo Nacional entrega primera fase recuperada de la Ciudad Hospitalaria Enrique Tejera"},"content":{"rendered":"\n<p><strong>Valencia, Carabobo. &#8211; <\/strong>La presidenta encargada de la Rep\u00fablica Bolivariana de Venezuela, Delcy Rodr\u00edguez, hizo entrega formal de la primera fase de rehabilitaci\u00f3n integral de la Ciudad Hospitalaria Enrique Tejera (CHET) en Valencia.<\/p>\n\n\n\n<p>La obra forma parte del plan de recuperaci\u00f3n de infraestructuras cr\u00edticas que busca garantizar la atenci\u00f3n gratuita y de calidad, con especial \u00e9nfasis en los sectores m\u00e1s vulnerables de la poblaci\u00f3n como ni\u00f1os, ni\u00f1as y adultos mayores.<\/p>\n\n\n\n<p>La Mandataria Encargda instruy\u00f3 al gobernador Rafael Lacava a proceder con la fase de dotaci\u00f3n para culminar el proyecto en tiempo r\u00e9cord.<\/p>\n\n\n\n<blockquote class=\"wp-block-quote is-layout-flow wp-block-quote-is-layout-flow\">\n<p>\u00abQuiero entregar en este momento la primera fase de la Ciudad Hospitalaria Enrique Tejera completamente recuperada, y en los pr\u00f3ximos d\u00edas ser\u00e1 equipada completamente la segunda etapa para que el pueblo de Carabobo pueda tener un hospital con garant\u00edas de atenci\u00f3n a su salud; esto debe ser lo primordial en nuestras vidas\u00bb, manifest\u00f3 la Mandataria Encargda durante el encuentro con sectores sociales de Carabobo.<\/p>\n<\/blockquote>\n\n\n\n<p>Prensa Presidencial \/ KaylibMaita<\/p>\n","protected":false},"excerpt":{"rendered":"<p>Valencia, Carabobo. &#8211; La presidenta encargada de la Rep\u00fablica Bolivariana de Venezuela, Delcy Rodr\u00edguez, hizo entrega formal de la primera fase de rehabilitaci\u00f3n integral de la Ciudad Hospitalaria Enrique Tejera (CHET) en Valencia. La obra forma parte del plan de recuperaci\u00f3n de infraestructuras cr\u00edticas que busca garantizar la atenci\u00f3n gratuita y de calidad, con especial [&hellip;]<\/p>\n","protected":false},"author":21,"featured_media":46048,"comment_status":"open","ping_status":"open","sticky":false,"template":"","format":"standard","meta":{"footnotes":""},"categories":[18,7],"tags":[],"class_list":["post-46047","post","type-post","status-publish","format-standard","has-post-thumbnail","hentry","category-noticias-principales","category-notas-de-prensa"],"_links":{"self":[{"href":"https:\/\/prensapresidencialvenezuela.gob.ve\/index.php\/wp-json\/wp\/v2\/posts\/46047","targetHints":{"allow":["GET"]}}],"collection":[{"href":"https:\/\/prensapresidencialvenezuela.gob.ve\/index.php\/wp-json\/wp\/v2\/posts"}],"about":[{"href":"https:\/\/prensapresidencialvenezuela.gob.ve\/index.php\/wp-json\/wp\/v2\/types\/post"}],"author":[{"embeddable":true,"href":"https:\/\/prensapresidencialvenezuela.gob.ve\/index.php\/wp-json\/wp\/v2\/users\/21"}],"replies":[{"embeddable":true,"href":"https:\/\/prensapresidencialvenezuela.gob.ve\/index.php\/wp-json\/wp\/v2\/comments?post=46047"}],"version-history":[{"count":1,"href":"https:\/\/prensapresidencialvenezuela.gob.ve\/index.php\/wp-json\/wp\/v2\/posts\/46047\/revisions"}],"predecessor-version":[{"id":46049,"href":"https:\/\/prensapresidencialvenezuela.gob.ve\/index.php\/wp-json\/wp\/v2\/posts\/46047\/revisions\/46049"}],"wp:featuredmedia":[{"embeddable":true,"href":"https:\/\/prensapresidencialvenezuela.gob.ve\/index.php\/wp-json\/wp\/v2\/media\/46048"}],"wp:attachment":[{"href":"https:\/\/prensapresidencialvenezuela.gob.ve\/index.php\/wp-json\/wp\/v2\/media?parent=46047"}],"wp:term":[{"taxonomy":"category","embeddable":true,"href":"https:\/\/prensapresidencialvenezuela.gob.ve\/index.php\/wp-json\/wp\/v2\/categories?post=46047"},{"taxonomy":"post_tag","embeddable":true,"href":"https:\/\/prensapresidencialvenezuela.gob.ve\/index.php\/wp-json\/wp\/v2\/tags?post=46047"}],"curies":[{"name":"wp","href":"https:\/\/api.w.org\/{rel}","templated":true}]}}