{"id":46050,"date":"2026-04-29T06:42:54","date_gmt":"2026-04-29T10:42:54","guid":{"rendered":"https:\/\/prensapresidencialvenezuela.gob.ve\/?p=46050"},"modified":"2026-04-29T06:42:55","modified_gmt":"2026-04-29T10:42:55","slug":"presidenta-e-delcy-rodriguez-propone-la-convivencia-y-el-respeto-como-ruta-hacia-la-paz-nacional","status":"publish","type":"post","link":"https:\/\/prensapresidencialvenezuela.gob.ve\/index.php\/2026\/04\/29\/presidenta-e-delcy-rodriguez-propone-la-convivencia-y-el-respeto-como-ruta-hacia-la-paz-nacional\/","title":{"rendered":"Presidenta (E) Delcy Rodr\u00edguez propone la convivencia y el respeto como ruta hacia la paz nacional"},"content":{"rendered":"\n<p><strong>Carabobo, Valencia. &#8211;<\/strong> Durante su intervenci\u00f3n en el Teatro Municipal de Valencia, la presidenta encargada de la Rep\u00fablica Bolivariana de Venezuela, Delcy Rodr\u00edguez, coment\u00f3 que Venezuela transita por un ciclo de sanaci\u00f3n profunda destinado a erradicar el odio y la irracionalidad pol\u00edtica que intent\u00f3 fracturar al pa\u00eds.<\/p>\n\n\n\n<p><em>\u00abSanar las expresiones de odio, intolerancia y falta de convivencia es el momento pol\u00edtico que va a marcar historia\u00bb,<\/em> coment\u00f3 Delcy Rodr\u00edguez.<\/p>\n\n\n\n<p>Rodr\u00edguez hizo un llamado a reconocer la identidad nacional basada en la solidaridad y el respeto al pr\u00f3jimo, asegurando que el reconocimiento del adversario es la clave para la estabilidad definitiva de la Rep\u00fablica.<\/p>\n\n\n\n<blockquote class=\"wp-block-quote is-layout-flow wp-block-quote-is-layout-flow\">\n<p>\u00abYo la verdad les digo, yo no entiendo a esa gente que le voltea al otro la cara porque no son del mismo partido pol\u00edtico; esa es la g\u00e9nesis del odio y de la intolerancia que es la irracionalidad. Los venezolanos y las venezolanas no le negamos una sonrisa a nadie\u00bb, afirm\u00f3 la mandataria, al tiempo que propuso una <strong>\u00abnueva espiritualidad<\/strong>\u00bb basada en el respeto a la diversidad ideol\u00f3gica, religiosa y sexual como escudo protector ante futuras agresiones externas.<\/p>\n\n\n\n<p><strong>Prensa Presidencial \/ Kaylib Maita<\/strong><\/p>\n<\/blockquote>\n\n\n\n<p><\/p>\n","protected":false},"excerpt":{"rendered":"<p>Carabobo, Valencia. &#8211; Durante su intervenci\u00f3n en el Teatro Municipal de Valencia, la presidenta encargada de la Rep\u00fablica Bolivariana de Venezuela, Delcy Rodr\u00edguez, coment\u00f3 que Venezuela transita por un ciclo de sanaci\u00f3n profunda destinado a erradicar el odio y la irracionalidad pol\u00edtica que intent\u00f3 fracturar al pa\u00eds. \u00abSanar las expresiones de odio, intolerancia y falta [&hellip;]<\/p>\n","protected":false},"author":21,"featured_media":46051,"comment_status":"open","ping_status":"open","sticky":false,"template":"","format":"standard","meta":{"footnotes":""},"categories":[18,7],"tags":[2023,1891,20],"class_list":["post-46050","post","type-post","status-publish","format-standard","has-post-thumbnail","hentry","category-noticias-principales","category-notas-de-prensa","tag-convivencia-y-el-respeto","tag-presidenta-encargada-delcy-rodriguez","tag-venezuela"],"_links":{"self":[{"href":"https:\/\/prensapresidencialvenezuela.gob.ve\/index.php\/wp-json\/wp\/v2\/posts\/46050","targetHints":{"allow":["GET"]}}],"collection":[{"href":"https:\/\/prensapresidencialvenezuela.gob.ve\/index.php\/wp-json\/wp\/v2\/posts"}],"about":[{"href":"https:\/\/prensapresidencialvenezuela.gob.ve\/index.php\/wp-json\/wp\/v2\/types\/post"}],"author":[{"embeddable":true,"href":"https:\/\/prensapresidencialvenezuela.gob.ve\/index.php\/wp-json\/wp\/v2\/users\/21"}],"replies":[{"embeddable":true,"href":"https:\/\/prensapresidencialvenezuela.gob.ve\/index.php\/wp-json\/wp\/v2\/comments?post=46050"}],"version-history":[{"count":1,"href":"https:\/\/prensapresidencialvenezuela.gob.ve\/index.php\/wp-json\/wp\/v2\/posts\/46050\/revisions"}],"predecessor-version":[{"id":46052,"href":"https:\/\/prensapresidencialvenezuela.gob.ve\/index.php\/wp-json\/wp\/v2\/posts\/46050\/revisions\/46052"}],"wp:featuredmedia":[{"embeddable":true,"href":"https:\/\/prensapresidencialvenezuela.gob.ve\/index.php\/wp-json\/wp\/v2\/media\/46051"}],"wp:attachment":[{"href":"https:\/\/prensapresidencialvenezuela.gob.ve\/index.php\/wp-json\/wp\/v2\/media?parent=46050"}],"wp:term":[{"taxonomy":"category","embeddable":true,"href":"https:\/\/prensapresidencialvenezuela.gob.ve\/index.php\/wp-json\/wp\/v2\/categories?post=46050"},{"taxonomy":"post_tag","embeddable":true,"href":"https:\/\/prensapresidencialvenezuela.gob.ve\/index.php\/wp-json\/wp\/v2\/tags?post=46050"}],"curies":[{"name":"wp","href":"https:\/\/api.w.org\/{rel}","templated":true}]}}