{"id":46055,"date":"2026-04-29T07:04:26","date_gmt":"2026-04-29T11:04:26","guid":{"rendered":"https:\/\/prensapresidencialvenezuela.gob.ve\/?p=46055"},"modified":"2026-04-29T07:04:26","modified_gmt":"2026-04-29T11:04:26","slug":"presidenta-e-delcy-rodriguez-ratifica-mejoras-salariales-bajo-criterios-de-estabilidad-economica","status":"publish","type":"post","link":"https:\/\/prensapresidencialvenezuela.gob.ve\/index.php\/2026\/04\/29\/presidenta-e-delcy-rodriguez-ratifica-mejoras-salariales-bajo-criterios-de-estabilidad-economica\/","title":{"rendered":"Presidenta (E) Delcy Rodr\u00edguez ratifica mejoras salariales bajo criterios de estabilidad econ\u00f3mica"},"content":{"rendered":"\n<p><strong>Valencia, Carabobo. &#8211;<\/strong> Ante la proximidad del 1\u00b0 de mayo, la presidenta encargada Delcy Rodr\u00edguez envi\u00f3 un mensaje de compromiso y prudencia a la clase obrera venezolana, confirmando que el Ejecutivo prepara anuncios para mejorar las condiciones de los trabajadores.<\/p>\n\n\n\n<p>La Mandataria Encargda denunci\u00f3 la existencia de campa\u00f1as que buscan generar falsas expectativas para desestabilizar el clima social, por lo que pidi\u00f3 confianza en la gesti\u00f3n econ\u00f3mica que ha permitido la recuperaci\u00f3n progresiva tras la p\u00e9rdida del 99% de los ingresos nacionales por el bloqueo.<\/p>\n\n\n\n<blockquote class=\"wp-block-quote is-layout-flow wp-block-quote-is-layout-flow\">\n<p>\u00abYo s\u00e9 tambi\u00e9n qui\u00e9nes han creado un ambiente de sobreexpectativa para el primero de mayo; yo les puedo dar la cara para decir: habr\u00e1 mejoras, habr\u00e1 mejoras, pero que ese remedio no sea peor que la enfermedad. Es la l\u00f3gica que nos ha dirigido y los trabajadores tienen mi respeto, mi cari\u00f1o y mi amor\u00bb, puntualiz\u00f3 Rodr\u00edguez, destacando que cualquier ajuste se har\u00e1 garantizando que no se dispare la inflaci\u00f3n para proteger el poder adquisitivo real de las familias.<\/p>\n<\/blockquote>\n\n\n\n<p><strong>Prensa Presidencial \/ Kaylib Maita<\/strong><\/p>\n","protected":false},"excerpt":{"rendered":"<p>Valencia, Carabobo. &#8211; Ante la proximidad del 1\u00b0 de mayo, la presidenta encargada Delcy Rodr\u00edguez envi\u00f3 un mensaje de compromiso y prudencia a la clase obrera venezolana, confirmando que el Ejecutivo prepara anuncios para mejorar las condiciones de los trabajadores. La Mandataria Encargda denunci\u00f3 la existencia de campa\u00f1as que buscan generar falsas expectativas para desestabilizar [&hellip;]<\/p>\n","protected":false},"author":21,"featured_media":46056,"comment_status":"open","ping_status":"open","sticky":false,"template":"","format":"standard","meta":{"footnotes":""},"categories":[18,7],"tags":[2024,1891,2025,20],"class_list":["post-46055","post","type-post","status-publish","format-standard","has-post-thumbnail","hentry","category-noticias-principales","category-notas-de-prensa","tag-estabilidad-economica","tag-presidenta-encargada-delcy-rodriguez","tag-primero-de-mayo","tag-venezuela"],"_links":{"self":[{"href":"https:\/\/prensapresidencialvenezuela.gob.ve\/index.php\/wp-json\/wp\/v2\/posts\/46055","targetHints":{"allow":["GET"]}}],"collection":[{"href":"https:\/\/prensapresidencialvenezuela.gob.ve\/index.php\/wp-json\/wp\/v2\/posts"}],"about":[{"href":"https:\/\/prensapresidencialvenezuela.gob.ve\/index.php\/wp-json\/wp\/v2\/types\/post"}],"author":[{"embeddable":true,"href":"https:\/\/prensapresidencialvenezuela.gob.ve\/index.php\/wp-json\/wp\/v2\/users\/21"}],"replies":[{"embeddable":true,"href":"https:\/\/prensapresidencialvenezuela.gob.ve\/index.php\/wp-json\/wp\/v2\/comments?post=46055"}],"version-history":[{"count":1,"href":"https:\/\/prensapresidencialvenezuela.gob.ve\/index.php\/wp-json\/wp\/v2\/posts\/46055\/revisions"}],"predecessor-version":[{"id":46057,"href":"https:\/\/prensapresidencialvenezuela.gob.ve\/index.php\/wp-json\/wp\/v2\/posts\/46055\/revisions\/46057"}],"wp:featuredmedia":[{"embeddable":true,"href":"https:\/\/prensapresidencialvenezuela.gob.ve\/index.php\/wp-json\/wp\/v2\/media\/46056"}],"wp:attachment":[{"href":"https:\/\/prensapresidencialvenezuela.gob.ve\/index.php\/wp-json\/wp\/v2\/media?parent=46055"}],"wp:term":[{"taxonomy":"category","embeddable":true,"href":"https:\/\/prensapresidencialvenezuela.gob.ve\/index.php\/wp-json\/wp\/v2\/categories?post=46055"},{"taxonomy":"post_tag","embeddable":true,"href":"https:\/\/prensapresidencialvenezuela.gob.ve\/index.php\/wp-json\/wp\/v2\/tags?post=46055"}],"curies":[{"name":"wp","href":"https:\/\/api.w.org\/{rel}","templated":true}]}}