{"id":46059,"date":"2026-04-29T07:51:34","date_gmt":"2026-04-29T11:51:34","guid":{"rendered":"https:\/\/prensapresidencialvenezuela.gob.ve\/?p=46059"},"modified":"2026-04-29T07:51:35","modified_gmt":"2026-04-29T11:51:35","slug":"bajo-el-lema-de-union-y-paz-gran-peregrinacion-nacional-llegara-a-caracas","status":"publish","type":"post","link":"https:\/\/prensapresidencialvenezuela.gob.ve\/index.php\/2026\/04\/29\/bajo-el-lema-de-union-y-paz-gran-peregrinacion-nacional-llegara-a-caracas\/","title":{"rendered":"Bajo el lema de uni\u00f3n y paz: Gran Peregrinaci\u00f3n Nacional llegar\u00e1 a Caracas"},"content":{"rendered":"\n<p><strong>Carabobo, Valencia.-<\/strong> En un ambiente de fervor y compromiso patri\u00f3tico, la presidenta encargada de la Rep\u00fablica Bolivariana de Venezuela, Delcy Rodr\u00edguez, destac\u00f3 que la Gran Peregrinaci\u00f3n espiritual que recorre el pa\u00eds ha alcanzado el estado Carabobo, marcando as\u00ed, la etapa definitiva de un trayecto que busca la<strong> \u201creanimaci\u00f3n espiritual\u00bb<\/strong> de la Naci\u00f3n.<\/p>\n\n\n\n<p>En la misma l\u00ednea, subray\u00f3 que luego que la Gran Peregrinaci\u00f3n Nacional por una <strong>\u201cVenezuela sin Sanciones y en Paz\u201d<\/strong>, ha sumado voluntades en cada estado del pa\u00eds; ahora se prepara para su entrada triunfal en la ciudad de Caracas.<\/p>\n\n\n\n<blockquote class=\"wp-block-quote is-layout-flow wp-block-quote-is-layout-flow\">\n<p>\u201cLleg\u00f3 la peregrinaci\u00f3n a Carabobo, nos acercamos a Caracas donde las tres columnas nos vamos a encontrar en una sola Venezuela, la Venezuela que canta, que ora, que camina, que dialoga y se encuentra en la hermandad\u201d, manifest\u00f3 Rodr\u00edguez.<\/p>\n<\/blockquote>\n\n\n\n<p>Por otra parte, es relevante detallar que este proceso descrito como una ruta para proteger a la Patria, entra en su fase culminante; luego de completar el recorrido por tierras carabobe\u00f1as, donde cada venezolano avanza con el objetivo de consolidar un mensaje de reconciliaci\u00f3n y fraternidad entre todos los sectores del pa\u00eds.<\/p>\n\n\n\n<p>Este hito simboliza la unificaci\u00f3n de diversos esfuerzos en una sola identidad nacional: la Venezuela que canta, ora y dialoga, como lo subray\u00f3 la Mandataria Encargada; luego de realzar que este es un proceso de reanimaci\u00f3n espiritual para nuestra Patria, en el que el prop\u00f3sito mayor es protegerla.<\/p>\n\n\n\n<blockquote class=\"wp-block-quote is-layout-flow wp-block-quote-is-layout-flow\">\n<p>\u201cTodo este proceso de reanimaci\u00f3n espiritual tambi\u00e9n de nuestra Patria, el fin mayor es proteger a nuestra Patria y a eso los invito yo, vamos a marchar, vamos a peregrinar\u201d, precis\u00f3.<\/p>\n<\/blockquote>\n\n\n\n<p>Por tanto, se tiene prevista que la movilizaci\u00f3n arribe a la Gran Caracas, donde se realizar\u00e1 un acto central para celebrar la uni\u00f3n de las columnas y el esp\u00edritu de paz que ha caracterizado todo el trayecto de la Gran Peregrinaci\u00f3n Nacional.<\/p>\n\n\n\n<p><strong>Prensa Presidencial\/ Irmary D\u00edaz<\/strong><\/p>\n","protected":false},"excerpt":{"rendered":"<p>Carabobo, Valencia.- En un ambiente de fervor y compromiso patri\u00f3tico, la presidenta encargada de la Rep\u00fablica Bolivariana de Venezuela, Delcy Rodr\u00edguez, destac\u00f3 que la Gran Peregrinaci\u00f3n espiritual que recorre el pa\u00eds ha alcanzado el estado Carabobo, marcando as\u00ed, la etapa definitiva de un trayecto que busca la \u201creanimaci\u00f3n espiritual\u00bb de la Naci\u00f3n. En la misma [&hellip;]<\/p>\n","protected":false},"author":15,"featured_media":46061,"comment_status":"open","ping_status":"open","sticky":false,"template":"","format":"standard","meta":{"footnotes":""},"categories":[18,7],"tags":[584,2026,1980,1891,20],"class_list":["post-46059","post","type-post","status-publish","format-standard","has-post-thumbnail","hentry","category-noticias-principales","category-notas-de-prensa","tag-carabobo","tag-enezuela-sin-sanciones","tag-gran-peregrinacion-nacional","tag-presidenta-encargada-delcy-rodriguez","tag-venezuela"],"_links":{"self":[{"href":"https:\/\/prensapresidencialvenezuela.gob.ve\/index.php\/wp-json\/wp\/v2\/posts\/46059","targetHints":{"allow":["GET"]}}],"collection":[{"href":"https:\/\/prensapresidencialvenezuela.gob.ve\/index.php\/wp-json\/wp\/v2\/posts"}],"about":[{"href":"https:\/\/prensapresidencialvenezuela.gob.ve\/index.php\/wp-json\/wp\/v2\/types\/post"}],"author":[{"embeddable":true,"href":"https:\/\/prensapresidencialvenezuela.gob.ve\/index.php\/wp-json\/wp\/v2\/users\/15"}],"replies":[{"embeddable":true,"href":"https:\/\/prensapresidencialvenezuela.gob.ve\/index.php\/wp-json\/wp\/v2\/comments?post=46059"}],"version-history":[{"count":1,"href":"https:\/\/prensapresidencialvenezuela.gob.ve\/index.php\/wp-json\/wp\/v2\/posts\/46059\/revisions"}],"predecessor-version":[{"id":46062,"href":"https:\/\/prensapresidencialvenezuela.gob.ve\/index.php\/wp-json\/wp\/v2\/posts\/46059\/revisions\/46062"}],"wp:featuredmedia":[{"embeddable":true,"href":"https:\/\/prensapresidencialvenezuela.gob.ve\/index.php\/wp-json\/wp\/v2\/media\/46061"}],"wp:attachment":[{"href":"https:\/\/prensapresidencialvenezuela.gob.ve\/index.php\/wp-json\/wp\/v2\/media?parent=46059"}],"wp:term":[{"taxonomy":"category","embeddable":true,"href":"https:\/\/prensapresidencialvenezuela.gob.ve\/index.php\/wp-json\/wp\/v2\/categories?post=46059"},{"taxonomy":"post_tag","embeddable":true,"href":"https:\/\/prensapresidencialvenezuela.gob.ve\/index.php\/wp-json\/wp\/v2\/tags?post=46059"}],"curies":[{"name":"wp","href":"https:\/\/api.w.org\/{rel}","templated":true}]}}