{"id":46063,"date":"2026-04-29T07:23:37","date_gmt":"2026-04-29T11:23:37","guid":{"rendered":"https:\/\/prensapresidencialvenezuela.gob.ve\/?p=46063"},"modified":"2026-04-29T07:23:37","modified_gmt":"2026-04-29T11:23:37","slug":"regresen-a-su-patria-delcy-rodriguez-convoca-al-retorno-de-talentos-venezolanos","status":"publish","type":"post","link":"https:\/\/prensapresidencialvenezuela.gob.ve\/index.php\/2026\/04\/29\/regresen-a-su-patria-delcy-rodriguez-convoca-al-retorno-de-talentos-venezolanos\/","title":{"rendered":"\u00abRegresen a su patria\u00bb: Delcy Rodr\u00edguez convoca al retorno de talentos venezolanos"},"content":{"rendered":"\n<p><strong>Carabobo, Valencia.-<\/strong> La presidenta encargada de la Rep\u00fablica Bolivariana de Venezuela, Delcy Rodr\u00edguez, reiter\u00f3 su llamado a los venezolanos y j\u00f3venes talentos que migraron del pa\u00eds a retornar para sumarse a la etapa de reconstrucci\u00f3n y crecimiento econ\u00f3mico.<\/p>\n\n\n\n<p><strong><em>\u00abVenezuela los necesita para la construcci\u00f3n futura; yo les pido que regresen a su patria\u00bb,<\/em><\/strong> coment\u00f3 la Mandataria Encargada.<\/p>\n\n\n\n<p>La jefa de Estado encargada denunci\u00f3 que potencias extranjeras se aprovechan del talento venezolano bajo un esquema de conveniencia econ\u00f3mica, mientras que en su patria son necesarios para consolidar la soberan\u00eda nacional.<\/p>\n\n\n\n<blockquote class=\"wp-block-quote is-layout-flow wp-block-quote-is-layout-flow\">\n<p>\u00abUna autoridad europea da halagos de lo mucho que ayuda a los venezolanos, pero lo hace porque sabe que son mano de obra sustancial; no es por bondad ni generosidad, es por lo que est\u00e1n dejando los venezolanos en otros pa\u00edses que pueden hacerlo en su pa\u00eds\u00bb, puntualiz\u00f3 Rodr\u00edguez.<\/p>\n<\/blockquote>\n\n\n\n<p>La Mandataria Encargada inst\u00f3 a las comunidades a fortalecer los lazos de solidaridad intergeneracional, brindando especial apoyo a los adultos mayores que hoy requieren cuidados, reafirmando que el reencuentro de la familia venezolana es pilar fundamental para la paz y la prosperidad de la naci\u00f3n.<\/p>\n\n\n\n<p><strong>Prensa Presidencial \/ Kaylib Maita<\/strong><\/p>\n","protected":false},"excerpt":{"rendered":"<p>Carabobo, Valencia.- La presidenta encargada de la Rep\u00fablica Bolivariana de Venezuela, Delcy Rodr\u00edguez, reiter\u00f3 su llamado a los venezolanos y j\u00f3venes talentos que migraron del pa\u00eds a retornar para sumarse a la etapa de reconstrucci\u00f3n y crecimiento econ\u00f3mico. \u00abVenezuela los necesita para la construcci\u00f3n futura; yo les pido que regresen a su patria\u00bb, coment\u00f3 la [&hellip;]<\/p>\n","protected":false},"author":21,"featured_media":46066,"comment_status":"open","ping_status":"open","sticky":false,"template":"","format":"standard","meta":{"footnotes":""},"categories":[18,7],"tags":[1891,2027,2028,20],"class_list":["post-46063","post","type-post","status-publish","format-standard","has-post-thumbnail","hentry","category-noticias-principales","category-notas-de-prensa","tag-presidenta-encargada-delcy-rodriguez","tag-regresen-a-su-patria","tag-talentos-venezolanos","tag-venezuela"],"_links":{"self":[{"href":"https:\/\/prensapresidencialvenezuela.gob.ve\/index.php\/wp-json\/wp\/v2\/posts\/46063","targetHints":{"allow":["GET"]}}],"collection":[{"href":"https:\/\/prensapresidencialvenezuela.gob.ve\/index.php\/wp-json\/wp\/v2\/posts"}],"about":[{"href":"https:\/\/prensapresidencialvenezuela.gob.ve\/index.php\/wp-json\/wp\/v2\/types\/post"}],"author":[{"embeddable":true,"href":"https:\/\/prensapresidencialvenezuela.gob.ve\/index.php\/wp-json\/wp\/v2\/users\/21"}],"replies":[{"embeddable":true,"href":"https:\/\/prensapresidencialvenezuela.gob.ve\/index.php\/wp-json\/wp\/v2\/comments?post=46063"}],"version-history":[{"count":1,"href":"https:\/\/prensapresidencialvenezuela.gob.ve\/index.php\/wp-json\/wp\/v2\/posts\/46063\/revisions"}],"predecessor-version":[{"id":46067,"href":"https:\/\/prensapresidencialvenezuela.gob.ve\/index.php\/wp-json\/wp\/v2\/posts\/46063\/revisions\/46067"}],"wp:featuredmedia":[{"embeddable":true,"href":"https:\/\/prensapresidencialvenezuela.gob.ve\/index.php\/wp-json\/wp\/v2\/media\/46066"}],"wp:attachment":[{"href":"https:\/\/prensapresidencialvenezuela.gob.ve\/index.php\/wp-json\/wp\/v2\/media?parent=46063"}],"wp:term":[{"taxonomy":"category","embeddable":true,"href":"https:\/\/prensapresidencialvenezuela.gob.ve\/index.php\/wp-json\/wp\/v2\/categories?post=46063"},{"taxonomy":"post_tag","embeddable":true,"href":"https:\/\/prensapresidencialvenezuela.gob.ve\/index.php\/wp-json\/wp\/v2\/tags?post=46063"}],"curies":[{"name":"wp","href":"https:\/\/api.w.org\/{rel}","templated":true}]}}