{"id":46069,"date":"2026-04-29T07:44:55","date_gmt":"2026-04-29T11:44:55","guid":{"rendered":"https:\/\/prensapresidencialvenezuela.gob.ve\/?p=46069"},"modified":"2026-04-29T07:44:56","modified_gmt":"2026-04-29T11:44:56","slug":"presidenta-e-delcy-rodriguez-ninguna-ley-de-amnistia-ha-tenido-los-resultados-de-la-venezolana","status":"publish","type":"post","link":"https:\/\/prensapresidencialvenezuela.gob.ve\/index.php\/2026\/04\/29\/presidenta-e-delcy-rodriguez-ninguna-ley-de-amnistia-ha-tenido-los-resultados-de-la-venezolana\/","title":{"rendered":"Presidenta (E) Delcy Rodr\u00edguez: \u00abNinguna ley de amnist\u00eda ha tenido los resultados de la venezolana\u00bb"},"content":{"rendered":"\n<p><strong>Valencia, Carabobo.<\/strong> <strong><em>\u00abNo hay una ley de amnist\u00eda que haya tenido los resultados que tiene la venezolana, ni en el tiempo expr\u00e9s que se ha hecho\u00bb<\/em><\/strong>, sentenci\u00f3 la presidenta Encargada de la Rep\u00fablica Bolivariana de Venezuela, Delcy Rodr\u00edguez, al resaltar la efectividad de este instrumento jur\u00eddico.<\/p>\n\n\n\n<p>Desde Valencia , estado Carabobo, destac\u00f3 que la normativa ha logrado beneficiar a cerca de 9.000 personas privadas de libertad, superando en celeridad y alcance a procesos hist\u00f3ricos como los de Sud\u00e1frica y Espa\u00f1a.<\/p>\n\n\n\n<p><strong>El llamado contra la cr\u00edtica<\/strong><\/p>\n\n\n\n<p>Sobre las posturas adversas a la aplicaci\u00f3n de dicho instrumento jur\u00eddico, la Presidenta Encargada se\u00f1al\u00f3 la existencia de sectores que intentan desestimar los logros alcanzados. <strong><em>\u00abLamentablemente, hay que decirlo, hay quienes siempre tienen la visi\u00f3n de la mezquindad, de criticar por criticar\u00bb<\/em><\/strong>, expres\u00f3.<\/p>\n\n\n\n<p>En tal sentido, hizo un llamado a dejar de lado las posturas obstructivas que no contribuyen al desarrollo nacional. De igual forma, exhort\u00f3 a la ciudadan\u00eda a actuar con sentido de pertenencia y responsabilidad compartida por el futuro de la naci\u00f3n.<\/p>\n\n\n\n<p><strong>Prensa Presidencial\/ Iliana Rosales<\/strong><\/p>\n","protected":false},"excerpt":{"rendered":"<p>Valencia, Carabobo. \u00abNo hay una ley de amnist\u00eda que haya tenido los resultados que tiene la venezolana, ni en el tiempo expr\u00e9s que se ha hecho\u00bb, sentenci\u00f3 la presidenta Encargada de la Rep\u00fablica Bolivariana de Venezuela, Delcy Rodr\u00edguez, al resaltar la efectividad de este instrumento jur\u00eddico. Desde Valencia , estado Carabobo, destac\u00f3 que la normativa [&hellip;]<\/p>\n","protected":false},"author":19,"featured_media":46070,"comment_status":"open","ping_status":"open","sticky":false,"template":"","format":"standard","meta":{"footnotes":""},"categories":[18,7],"tags":[584,1906,1891,20],"class_list":["post-46069","post","type-post","status-publish","format-standard","has-post-thumbnail","hentry","category-noticias-principales","category-notas-de-prensa","tag-carabobo","tag-ley-de-amnistia","tag-presidenta-encargada-delcy-rodriguez","tag-venezuela"],"_links":{"self":[{"href":"https:\/\/prensapresidencialvenezuela.gob.ve\/index.php\/wp-json\/wp\/v2\/posts\/46069","targetHints":{"allow":["GET"]}}],"collection":[{"href":"https:\/\/prensapresidencialvenezuela.gob.ve\/index.php\/wp-json\/wp\/v2\/posts"}],"about":[{"href":"https:\/\/prensapresidencialvenezuela.gob.ve\/index.php\/wp-json\/wp\/v2\/types\/post"}],"author":[{"embeddable":true,"href":"https:\/\/prensapresidencialvenezuela.gob.ve\/index.php\/wp-json\/wp\/v2\/users\/19"}],"replies":[{"embeddable":true,"href":"https:\/\/prensapresidencialvenezuela.gob.ve\/index.php\/wp-json\/wp\/v2\/comments?post=46069"}],"version-history":[{"count":1,"href":"https:\/\/prensapresidencialvenezuela.gob.ve\/index.php\/wp-json\/wp\/v2\/posts\/46069\/revisions"}],"predecessor-version":[{"id":46071,"href":"https:\/\/prensapresidencialvenezuela.gob.ve\/index.php\/wp-json\/wp\/v2\/posts\/46069\/revisions\/46071"}],"wp:featuredmedia":[{"embeddable":true,"href":"https:\/\/prensapresidencialvenezuela.gob.ve\/index.php\/wp-json\/wp\/v2\/media\/46070"}],"wp:attachment":[{"href":"https:\/\/prensapresidencialvenezuela.gob.ve\/index.php\/wp-json\/wp\/v2\/media?parent=46069"}],"wp:term":[{"taxonomy":"category","embeddable":true,"href":"https:\/\/prensapresidencialvenezuela.gob.ve\/index.php\/wp-json\/wp\/v2\/categories?post=46069"},{"taxonomy":"post_tag","embeddable":true,"href":"https:\/\/prensapresidencialvenezuela.gob.ve\/index.php\/wp-json\/wp\/v2\/tags?post=46069"}],"curies":[{"name":"wp","href":"https:\/\/api.w.org\/{rel}","templated":true}]}}