{"id":46073,"date":"2026-04-29T07:50:18","date_gmt":"2026-04-29T11:50:18","guid":{"rendered":"https:\/\/prensapresidencialvenezuela.gob.ve\/?p=46073"},"modified":"2026-04-29T07:50:19","modified_gmt":"2026-04-29T11:50:19","slug":"presidenta-e-delcy-rodriguez-exige-respeto-para-venezuela-y-defiende-derechos-sobre-el-esequibo","status":"publish","type":"post","link":"https:\/\/prensapresidencialvenezuela.gob.ve\/index.php\/2026\/04\/29\/presidenta-e-delcy-rodriguez-exige-respeto-para-venezuela-y-defiende-derechos-sobre-el-esequibo\/","title":{"rendered":"Presidenta (E) Delcy Rodr\u00edguez exige respeto para Venezuela y defiende derechos sobre el Esequibo"},"content":{"rendered":"\n<p><strong>Valencia , Carabobo.-<\/strong> La presidenta Encargada de la Rep\u00fablica Bolivariana de Venezuela, Delcy Rodr\u00edguez, reafirm\u00f3 la postura inquebrantable del Estado venezolano en la defensa de su derecho sobre El Esequibo, rechazando cualquier intento de despojo y cuestionando las cr\u00edticas emitidas por el Gobierno de Guyana.<\/p>\n\n\n\n<p>La presidenta Encargada calific\u00f3 de <strong>\u00abirrefutables\u00bb <\/strong>los t\u00edtulos que posee el pa\u00eds sobre el territorio. <strong><em>\u00abLos derechos de Venezuela sobre el Esequibo son hist\u00f3ricos, son irrefutables, no hay manera de que nosotros nos animemos a un despojo o a legitimar un robo\u00bb<\/em><\/strong>, dijo.<\/p>\n\n\n\n<p>En este sentido, inst\u00f3 a la Canciller\u00eda a defender la memoria hist\u00f3rica nacional frente a las pretensiones de censurar los derechos de la Naci\u00f3n. \u00abYo le dije al Canciller, bueno, dile si tambi\u00e9n van a venir a quemar los libros de historia\u00bb, puntualiz\u00f3 la Mandataria Encargada.<\/p>\n\n\n\n<p>Finalmente, asegur\u00f3 que el pa\u00eds mantendr\u00e1 su identidad y sus s\u00edmbolos patrios por encima de cualquier presi\u00f3n externa, criticando los se\u00f1alamientos del presidente guyan\u00e9s sobre el uso del mapa completo de Venezuela en la vestimenta oficial.<\/p>\n\n\n\n<p><strong>Prensa Presidencial \/ Iliana Rosales<\/strong><\/p>\n","protected":false},"excerpt":{"rendered":"<p>Valencia , Carabobo.- La presidenta Encargada de la Rep\u00fablica Bolivariana de Venezuela, Delcy Rodr\u00edguez, reafirm\u00f3 la postura inquebrantable del Estado venezolano en la defensa de su derecho sobre El Esequibo, rechazando cualquier intento de despojo y cuestionando las cr\u00edticas emitidas por el Gobierno de Guyana. La presidenta Encargada calific\u00f3 de \u00abirrefutables\u00bb los t\u00edtulos que posee [&hellip;]<\/p>\n","protected":false},"author":19,"featured_media":46075,"comment_status":"open","ping_status":"open","sticky":false,"template":"","format":"standard","meta":{"footnotes":""},"categories":[18,7,1],"tags":[2029,1891,20],"class_list":["post-46073","post","type-post","status-publish","format-standard","has-post-thumbnail","hentry","category-noticias-principales","category-notas-de-prensa","category-sin-categoria","tag-derechos-sobre-el-esequibo","tag-presidenta-encargada-delcy-rodriguez","tag-venezuela"],"_links":{"self":[{"href":"https:\/\/prensapresidencialvenezuela.gob.ve\/index.php\/wp-json\/wp\/v2\/posts\/46073","targetHints":{"allow":["GET"]}}],"collection":[{"href":"https:\/\/prensapresidencialvenezuela.gob.ve\/index.php\/wp-json\/wp\/v2\/posts"}],"about":[{"href":"https:\/\/prensapresidencialvenezuela.gob.ve\/index.php\/wp-json\/wp\/v2\/types\/post"}],"author":[{"embeddable":true,"href":"https:\/\/prensapresidencialvenezuela.gob.ve\/index.php\/wp-json\/wp\/v2\/users\/19"}],"replies":[{"embeddable":true,"href":"https:\/\/prensapresidencialvenezuela.gob.ve\/index.php\/wp-json\/wp\/v2\/comments?post=46073"}],"version-history":[{"count":1,"href":"https:\/\/prensapresidencialvenezuela.gob.ve\/index.php\/wp-json\/wp\/v2\/posts\/46073\/revisions"}],"predecessor-version":[{"id":46074,"href":"https:\/\/prensapresidencialvenezuela.gob.ve\/index.php\/wp-json\/wp\/v2\/posts\/46073\/revisions\/46074"}],"wp:featuredmedia":[{"embeddable":true,"href":"https:\/\/prensapresidencialvenezuela.gob.ve\/index.php\/wp-json\/wp\/v2\/media\/46075"}],"wp:attachment":[{"href":"https:\/\/prensapresidencialvenezuela.gob.ve\/index.php\/wp-json\/wp\/v2\/media?parent=46073"}],"wp:term":[{"taxonomy":"category","embeddable":true,"href":"https:\/\/prensapresidencialvenezuela.gob.ve\/index.php\/wp-json\/wp\/v2\/categories?post=46073"},{"taxonomy":"post_tag","embeddable":true,"href":"https:\/\/prensapresidencialvenezuela.gob.ve\/index.php\/wp-json\/wp\/v2\/tags?post=46073"}],"curies":[{"name":"wp","href":"https:\/\/api.w.org\/{rel}","templated":true}]}}