{"id":4608,"date":"2023-02-24T00:58:00","date_gmt":"2023-02-24T00:58:00","guid":{"rendered":"http:\/\/172.27.0.121\/?p=4608"},"modified":"2023-03-02T00:59:53","modified_gmt":"2023-03-02T00:59:53","slug":"ley-de-participacion-estudiantil-abre-las-compuertas-de-los-derechos-democraticos","status":"publish","type":"post","link":"https:\/\/prensapresidencialvenezuela.gob.ve\/index.php\/2023\/02\/24\/ley-de-participacion-estudiantil-abre-las-compuertas-de-los-derechos-democraticos\/","title":{"rendered":"Ley de Participaci\u00f3n Estudiantil abre las compuertas de los derechos democr\u00e1ticos"},"content":{"rendered":"\n<p><strong>Palacio de Miraflores, Caracas. \u2013&nbsp;<\/strong>Acompa\u00f1ado por una muchachada camisas azules y beige, el presidente de la Rep\u00fablica Bolivariana de Venezuela, Nicol\u00e1s Maduro, promulg\u00f3 oficialmente y dio ejec\u00fatese a la Ley de Participaci\u00f3n Estudiantil en el Subsistema de Educaci\u00f3n B\u00e1sica, acto en el que asever\u00f3 que este instrumento legal abre las compuertas de los derechos democr\u00e1ticos a la participaci\u00f3n, a la decisi\u00f3n de los estudiantes del pa\u00eds a lo largo y ancho del territorio nacional.<\/p>\n\n\n\n<p>\u201c\u00a1Acto bonito!\u201d, con estas dos palabras el Jefe de Estado defini\u00f3 la jornada que quedar\u00e1 en la memoria como un paso hist\u00f3rico, por \u201ctratarse de una ley hist\u00f3rica, sin lugar a dudas\u201d.<\/p>\n\n\n\n<p>El Dignatario venezolano argument\u00f3 que el instrumento jur\u00eddico es de primer nivel, y en funci\u00f3n de los alcances del mismo extendi\u00f3 felicitaciones a la Asamblea Nacional, al presidente del Parlamento, Jorge Rodr\u00edguez, su junta directiva, diputados y diputadas, quienes han hecho esta jornada de consulta p\u00fablica de debate, elaboraci\u00f3n de ideas y propuestas, dando como como resultado la redacci\u00f3n, el di\u00e1logo y aprobaci\u00f3n de esta ley.<\/p>\n\n\n\n<p>En esa l\u00ednea, el presidente Maduro subray\u00f3 que siendo una ley muy importante para la verdadera base de la democracia que significa \u201cPoder del pueblo\u201d, cuestion\u00f3 lo siguiente: \u201c\u00bfcu\u00e1l es la escuela de la democracia? Hay una escuela fundamental: el hogar, hogares democr\u00e1ticos donde se dialogue, se eduque, se respete al ni\u00f1o, a nuestros hijos, de educaci\u00f3n democr\u00e1tica, humanista, profunda, sobre la base del ejemplo\u201d.<\/p>\n\n\n\n<p>Sin embargo, agreg\u00f3 otra pregunta: \u201c\u00bfCu\u00e1l es el otro lugar por excelencia para forjar los valores verdaderamente de la libertad, soberan\u00eda, participaci\u00f3n, democracia, toma de decisiones, de la responsabilidad en el pensamiento? El liceo, el colegio, la escuela, es otro gran espacio donde uno comparte con una comunidad\u201d.<\/p>\n\n\n\n<p><strong>Una ley de renacimiento<\/strong><\/p>\n\n\n\n<p>Tambi\u00e9n destac\u00f3 que dicha ley es una ley de renacimiento para el movimiento estudiantil verdadero de Venezuela, y se afianza con el trabajo que se debe seguir haciendo a trav\u00e9s de la Organizaci\u00f3n Bolivariana de Estudiantes (OBE) y la Federaci\u00f3n Venezolana de Estudiantes de Educaci\u00f3n Media (FVEEM) con el ejercicio de participaci\u00f3n en las aulas de clases, secciones, asambleas de delegados y centros de estudiantes.<\/p>\n\n\n\n<p>No dud\u00f3 al se\u00f1alar que este instrumento ha llegado en el momento preciso, en el a\u00f1o 2023, que ha sido de renacimiento del esp\u00edritu nacional, de la voluntad y del amor por el pa\u00eds y sus cosas buenas.<\/p>\n\n\n\n<p>Este evento fue acompa\u00f1ado por la primera combatiente de la Rep\u00fablica, Cilia Flores; el diputado Pedro Infante; la vicepresidenta para Ciencia, Tecnolog\u00eda, Educaci\u00f3n y Salud, Gabriela Jim\u00e9nez, la ministra del Poder Popular para la Educaci\u00f3n, Yelitze Santaella, y el vicepresidente de Gobierno para el Socialismo Social y Territorial, Mervin Maldonado.<\/p>\n\n\n\n<p><strong>Prensa Presidencial \/ Ana\u00eds P\u00e9rez<\/strong><\/p>\n","protected":false},"excerpt":{"rendered":"<p>Palacio de Miraflores, Caracas. \u2013&nbsp;Acompa\u00f1ado por una muchachada camisas azules y beige, el presidente de la Rep\u00fablica Bolivariana de Venezuela, Nicol\u00e1s Maduro, promulg\u00f3 oficialmente y dio ejec\u00fatese a la Ley de Participaci\u00f3n Estudiantil en el Subsistema de Educaci\u00f3n B\u00e1sica, acto en el que asever\u00f3 que este instrumento legal abre las compuertas de los derechos democr\u00e1ticos [&hellip;]<\/p>\n","protected":false},"author":6,"featured_media":4609,"comment_status":"open","ping_status":"open","sticky":false,"template":"","format":"standard","meta":{"footnotes":""},"categories":[7],"tags":[],"class_list":["post-4608","post","type-post","status-publish","format-standard","has-post-thumbnail","hentry","category-notas-de-prensa"],"_links":{"self":[{"href":"https:\/\/prensapresidencialvenezuela.gob.ve\/index.php\/wp-json\/wp\/v2\/posts\/4608","targetHints":{"allow":["GET"]}}],"collection":[{"href":"https:\/\/prensapresidencialvenezuela.gob.ve\/index.php\/wp-json\/wp\/v2\/posts"}],"about":[{"href":"https:\/\/prensapresidencialvenezuela.gob.ve\/index.php\/wp-json\/wp\/v2\/types\/post"}],"author":[{"embeddable":true,"href":"https:\/\/prensapresidencialvenezuela.gob.ve\/index.php\/wp-json\/wp\/v2\/users\/6"}],"replies":[{"embeddable":true,"href":"https:\/\/prensapresidencialvenezuela.gob.ve\/index.php\/wp-json\/wp\/v2\/comments?post=4608"}],"version-history":[{"count":1,"href":"https:\/\/prensapresidencialvenezuela.gob.ve\/index.php\/wp-json\/wp\/v2\/posts\/4608\/revisions"}],"predecessor-version":[{"id":4610,"href":"https:\/\/prensapresidencialvenezuela.gob.ve\/index.php\/wp-json\/wp\/v2\/posts\/4608\/revisions\/4610"}],"wp:featuredmedia":[{"embeddable":true,"href":"https:\/\/prensapresidencialvenezuela.gob.ve\/index.php\/wp-json\/wp\/v2\/media\/4609"}],"wp:attachment":[{"href":"https:\/\/prensapresidencialvenezuela.gob.ve\/index.php\/wp-json\/wp\/v2\/media?parent=4608"}],"wp:term":[{"taxonomy":"category","embeddable":true,"href":"https:\/\/prensapresidencialvenezuela.gob.ve\/index.php\/wp-json\/wp\/v2\/categories?post=4608"},{"taxonomy":"post_tag","embeddable":true,"href":"https:\/\/prensapresidencialvenezuela.gob.ve\/index.php\/wp-json\/wp\/v2\/tags?post=4608"}],"curies":[{"name":"wp","href":"https:\/\/api.w.org\/{rel}","templated":true}]}}