{"id":46091,"date":"2026-04-29T17:39:23","date_gmt":"2026-04-29T21:39:23","guid":{"rendered":"https:\/\/prensapresidencialvenezuela.gob.ve\/?p=46091"},"modified":"2026-04-29T18:03:35","modified_gmt":"2026-04-29T22:03:35","slug":"presidenta-encargada-llega-al-estado-aragua-con-la-caravana-de-peregrinacion-por-el-cese-de-las-sanciones-y-la-paz-de-venezuela","status":"publish","type":"post","link":"https:\/\/prensapresidencialvenezuela.gob.ve\/index.php\/2026\/04\/29\/presidenta-encargada-llega-al-estado-aragua-con-la-caravana-de-peregrinacion-por-el-cese-de-las-sanciones-y-la-paz-de-venezuela\/","title":{"rendered":"Presidenta Encargada lleg\u00f3 al estado Aragua con la caravana de la Gran Peregrinaci\u00f3n por el cese de las sanciones y la paz de Venezuela"},"content":{"rendered":"\n<p class=\"has-medium-font-size\"><strong>Estado Aragua, Venezuela. \u2013<\/strong> En un ambiente de masiva movilizaci\u00f3n y fervor popular, la presidenta encargada de la Rep\u00fablica Bolivariana de Venezuela, Delcy Rodr\u00edguez, arrib\u00f3 este mi\u00e9rcoles a la ciudad de Maracay como parte de la <strong>Gran Peregrinaci\u00f3n Nacional por una \u00abVenezuela sin Sanciones y en Paz\u00bb<\/strong>, una iniciativa que recorre los puntos centrales del pa\u00eds para fortalecer el v\u00ednculo directo con las bases sociales.<\/p>\n\n\n\n<p class=\"has-medium-font-size\">Luego de la llegada de la Mandataria Encargada a la entidad arag\u00fcense, en compa\u00f1\u00eda de una multitudinaria caravana, realizaron un recorrido por las principales arterias viales de la <strong>\u00abCiudad Jard\u00edn\u00bb<\/strong>.<\/p>\n\n\n\n<p class=\"has-medium-font-size\">Durante el trayecto, fue recibida por movimientos sociales, l\u00edderes comunitarios y el poder popular organizado, quienes se sumaron en una demostraci\u00f3n de respaldo al Gobierno Bolivariano.<\/p>\n\n\n\n<p class=\"has-medium-font-size\">En contexto hist\u00f3rico, es importante destacar del estado Aragua, tambi\u00e9n conocido como el <strong>\u00abCoraz\u00f3n de Venezuela\u00bb<\/strong>, que es un estado de la regi\u00f3n centro-norte, clave por su diversidad geogr\u00e1fica que combina monta\u00f1as, industrias y el Caribe.<\/p>\n\n\n\n<p class=\"has-medium-font-size\">Aragua, alberga el Parque Nacional Henri Pittier, playas como Choron\u00ed y la Colonia Tovar, siendo as\u00ed, un importante n\u00facleo industrial y potencial tur\u00edstico.<\/p>\n\n\n\n<p class=\"has-medium-font-size\">Por otra parte, la Gran Peregrinaci\u00f3n Nacional culminar\u00e1 este jueves con su entrada triunfal en la ciudad de Caracas, llevando un mensaje de renovaci\u00f3n y estabilidad institucional; adem\u00e1s de uni\u00f3n nacional.<\/p>\n\n\n\n<p class=\"has-medium-font-size\"><strong>Prensa Presidencial\/ Irmary D\u00edaz<\/strong><\/p>\n","protected":false},"excerpt":{"rendered":"<p>Estado Aragua, Venezuela. \u2013 En un ambiente de masiva movilizaci\u00f3n y fervor popular, la presidenta encargada de la Rep\u00fablica Bolivariana de Venezuela, Delcy Rodr\u00edguez, arrib\u00f3 este mi\u00e9rcoles a la ciudad de Maracay como parte de la Gran Peregrinaci\u00f3n Nacional por una \u00abVenezuela sin Sanciones y en Paz\u00bb, una iniciativa que recorre los puntos centrales del [&hellip;]<\/p>\n","protected":false},"author":15,"featured_media":46122,"comment_status":"open","ping_status":"open","sticky":false,"template":"","format":"standard","meta":{"footnotes":""},"categories":[18,7],"tags":[1736,191,2031,122,2032,557],"class_list":["post-46091","post","type-post","status-publish","format-standard","has-post-thumbnail","hentry","category-noticias-principales","category-notas-de-prensa","tag-aragua","tag-caracas","tag-corazon-de-venezuela","tag-delcy-rodriguez","tag-gobierno-bolivariano-2","tag-paz"],"_links":{"self":[{"href":"https:\/\/prensapresidencialvenezuela.gob.ve\/index.php\/wp-json\/wp\/v2\/posts\/46091","targetHints":{"allow":["GET"]}}],"collection":[{"href":"https:\/\/prensapresidencialvenezuela.gob.ve\/index.php\/wp-json\/wp\/v2\/posts"}],"about":[{"href":"https:\/\/prensapresidencialvenezuela.gob.ve\/index.php\/wp-json\/wp\/v2\/types\/post"}],"author":[{"embeddable":true,"href":"https:\/\/prensapresidencialvenezuela.gob.ve\/index.php\/wp-json\/wp\/v2\/users\/15"}],"replies":[{"embeddable":true,"href":"https:\/\/prensapresidencialvenezuela.gob.ve\/index.php\/wp-json\/wp\/v2\/comments?post=46091"}],"version-history":[{"count":6,"href":"https:\/\/prensapresidencialvenezuela.gob.ve\/index.php\/wp-json\/wp\/v2\/posts\/46091\/revisions"}],"predecessor-version":[{"id":46123,"href":"https:\/\/prensapresidencialvenezuela.gob.ve\/index.php\/wp-json\/wp\/v2\/posts\/46091\/revisions\/46123"}],"wp:featuredmedia":[{"embeddable":true,"href":"https:\/\/prensapresidencialvenezuela.gob.ve\/index.php\/wp-json\/wp\/v2\/media\/46122"}],"wp:attachment":[{"href":"https:\/\/prensapresidencialvenezuela.gob.ve\/index.php\/wp-json\/wp\/v2\/media?parent=46091"}],"wp:term":[{"taxonomy":"category","embeddable":true,"href":"https:\/\/prensapresidencialvenezuela.gob.ve\/index.php\/wp-json\/wp\/v2\/categories?post=46091"},{"taxonomy":"post_tag","embeddable":true,"href":"https:\/\/prensapresidencialvenezuela.gob.ve\/index.php\/wp-json\/wp\/v2\/tags?post=46091"}],"curies":[{"name":"wp","href":"https:\/\/api.w.org\/{rel}","templated":true}]}}