{"id":46093,"date":"2026-04-29T18:46:32","date_gmt":"2026-04-29T22:46:32","guid":{"rendered":"https:\/\/prensapresidencialvenezuela.gob.ve\/?p=46093"},"modified":"2026-04-29T18:46:33","modified_gmt":"2026-04-29T22:46:33","slug":"presidenta-e-delcy-rodriguez-encabeza-encuentro-con-diversos-sectores-en-el-teatro-de-la-opera-de-maracay","status":"publish","type":"post","link":"https:\/\/prensapresidencialvenezuela.gob.ve\/index.php\/2026\/04\/29\/presidenta-e-delcy-rodriguez-encabeza-encuentro-con-diversos-sectores-en-el-teatro-de-la-opera-de-maracay\/","title":{"rendered":"Presidenta (E) Delcy Rodr\u00edguez encabeza encuentro con diversos sectores en el Teatro de la \u00d3pera de Maracay"},"content":{"rendered":"\n<p><strong>Estado Aragua, Venezuela. \u2013<\/strong> En el marco de su agenda de despliegue nacional, la presidenta encargada de la Rep\u00fablica Bolivariana de Venezuela, Delcy Rodr\u00edguez, lider\u00f3 este mi\u00e9rcoles un encuentro con diversos sectores sociales de la entidad, para dar continuidad a la Gran Peregrinaci\u00f3n por una \u00abVenezuela sin Sanciones y en Paz.  <\/p>\n\n\n\n<p>En este sentido, es relevante subrayar que la jornada tuvo como objetivo central profundizar el di\u00e1logo directo con las bases y establecer hojas de ruta conjuntas para el fortalecimiento de los programas sociales en la regi\u00f3n central del pa\u00eds.<\/p>\n\n\n\n<p>En el evento realizado en el emblem\u00e1tico Teatro de la \u00d3pera de Maracay (TOM), estuvieron presentes varios representantes de movimientos vecinales, gremios productivos y portavoces del poder popular organizado.<\/p>\n\n\n\n<p>Vale acotar, que el encuentro en el Teatro de la \u00d3pera representa un hito dentro de la gira nacional, subrayando de esta manera la importancia de Maracay como eje estrat\u00e9gico para la estabilidad social y econ\u00f3mica de la Naci\u00f3n.<\/p>\n\n\n\n<p>En relaci\u00f3n a este Monumento Hist\u00f3rico Cultural, es relevante exaltar que es una de las joyas arquitect\u00f3nicas y culturales m\u00e1s importantes de Venezuela. Inaugurado parcialmente en 1935 y completado d\u00e9cadas despu\u00e9s, y se destaca por su estilo modernista y su importancia como epicentro de las artes esc\u00e9nicas en el estado Aragua.<\/p>\n\n\n\n<p><strong>Prensa Presidencial\/ Irmary D\u00edaz<\/strong><\/p>\n","protected":false},"excerpt":{"rendered":"<p>Estado Aragua, Venezuela. \u2013 En el marco de su agenda de despliegue nacional, la presidenta encargada de la Rep\u00fablica Bolivariana de Venezuela, Delcy Rodr\u00edguez, lider\u00f3 este mi\u00e9rcoles un encuentro con diversos sectores sociales de la entidad, para dar continuidad a la Gran Peregrinaci\u00f3n por una \u00abVenezuela sin Sanciones y en Paz. En este sentido, es [&hellip;]<\/p>\n","protected":false},"author":15,"featured_media":46125,"comment_status":"open","ping_status":"open","sticky":false,"template":"","format":"standard","meta":{"footnotes":""},"categories":[18,7],"tags":[],"class_list":["post-46093","post","type-post","status-publish","format-standard","has-post-thumbnail","hentry","category-noticias-principales","category-notas-de-prensa"],"_links":{"self":[{"href":"https:\/\/prensapresidencialvenezuela.gob.ve\/index.php\/wp-json\/wp\/v2\/posts\/46093","targetHints":{"allow":["GET"]}}],"collection":[{"href":"https:\/\/prensapresidencialvenezuela.gob.ve\/index.php\/wp-json\/wp\/v2\/posts"}],"about":[{"href":"https:\/\/prensapresidencialvenezuela.gob.ve\/index.php\/wp-json\/wp\/v2\/types\/post"}],"author":[{"embeddable":true,"href":"https:\/\/prensapresidencialvenezuela.gob.ve\/index.php\/wp-json\/wp\/v2\/users\/15"}],"replies":[{"embeddable":true,"href":"https:\/\/prensapresidencialvenezuela.gob.ve\/index.php\/wp-json\/wp\/v2\/comments?post=46093"}],"version-history":[{"count":4,"href":"https:\/\/prensapresidencialvenezuela.gob.ve\/index.php\/wp-json\/wp\/v2\/posts\/46093\/revisions"}],"predecessor-version":[{"id":46112,"href":"https:\/\/prensapresidencialvenezuela.gob.ve\/index.php\/wp-json\/wp\/v2\/posts\/46093\/revisions\/46112"}],"wp:featuredmedia":[{"embeddable":true,"href":"https:\/\/prensapresidencialvenezuela.gob.ve\/index.php\/wp-json\/wp\/v2\/media\/46125"}],"wp:attachment":[{"href":"https:\/\/prensapresidencialvenezuela.gob.ve\/index.php\/wp-json\/wp\/v2\/media?parent=46093"}],"wp:term":[{"taxonomy":"category","embeddable":true,"href":"https:\/\/prensapresidencialvenezuela.gob.ve\/index.php\/wp-json\/wp\/v2\/categories?post=46093"},{"taxonomy":"post_tag","embeddable":true,"href":"https:\/\/prensapresidencialvenezuela.gob.ve\/index.php\/wp-json\/wp\/v2\/tags?post=46093"}],"curies":[{"name":"wp","href":"https:\/\/api.w.org\/{rel}","templated":true}]}}