{"id":46106,"date":"2026-04-29T16:50:00","date_gmt":"2026-04-29T20:50:00","guid":{"rendered":"https:\/\/prensapresidencialvenezuela.gob.ve\/?p=46106"},"modified":"2026-04-29T16:50:00","modified_gmt":"2026-04-29T20:50:00","slug":"alianzas-energeticas-internacionales-garantizan-el-bienestar-social-y-la-soberania-de-venezuela","status":"publish","type":"post","link":"https:\/\/prensapresidencialvenezuela.gob.ve\/index.php\/2026\/04\/29\/alianzas-energeticas-internacionales-garantizan-el-bienestar-social-y-la-soberania-de-venezuela\/","title":{"rendered":"Alianzas energ\u00e9ticas internacionales garantizan el bienestar social y la soberan\u00eda de Venezuela"},"content":{"rendered":"\n<p><strong>Palacio de Miraflores. \u2013 <\/strong>La presidenta encargada de la Rep\u00fablica Bolivariana de Venezuela, Delcy Rodr\u00edguez, celebr\u00f3 los avances en las relaciones energ\u00e9ticas internacionales de Venezuela, fundamentadas en los principios de respeto mutuo y complementariedad para el beneficio directo del pueblo.<\/p>\n\n\n\n<p>Como s\u00edmbolo de esta nueva etapa de cooperaci\u00f3n soberana, la Mandataria Encargada destac\u00f3 la apertura de la oficina de British Petroleum en el pa\u00eds, la cual ser\u00e1 liderada por una profesional venezolana, lo que refleja la confianza en el talento nacional y el fortalecimiento de la gesti\u00f3n institucional en el sector.<\/p>\n\n\n\n<p>Al diversificar y desarrollar la agenda energ\u00e9tica internacional, el Ejecutivo Nacional asegura la protecci\u00f3n de los trabajadores y la inversi\u00f3n en infraestructura cr\u00edtica, garantizando que cada acuerdo suscrito se traduzca en una mejora tangible en la calidad de vida de todos los venezolanos.<\/p>\n\n\n\n<p><strong>Prensa Presidencial \/ Kaylib Maita <\/strong><\/p>\n","protected":false},"excerpt":{"rendered":"<p>Palacio de Miraflores. \u2013 La presidenta encargada de la Rep\u00fablica Bolivariana de Venezuela, Delcy Rodr\u00edguez, celebr\u00f3 los avances en las relaciones energ\u00e9ticas internacionales de Venezuela, fundamentadas en los principios de respeto mutuo y complementariedad para el beneficio directo del pueblo. Como s\u00edmbolo de esta nueva etapa de cooperaci\u00f3n soberana, la Mandataria Encargada destac\u00f3 la apertura [&hellip;]<\/p>\n","protected":false},"author":21,"featured_media":46110,"comment_status":"open","ping_status":"open","sticky":false,"template":"","format":"standard","meta":{"footnotes":""},"categories":[18,7],"tags":[1891,2033,20],"class_list":["post-46106","post","type-post","status-publish","format-standard","has-post-thumbnail","hentry","category-noticias-principales","category-notas-de-prensa","tag-presidenta-encargada-delcy-rodriguez","tag-relaciones-energeticas","tag-venezuela"],"_links":{"self":[{"href":"https:\/\/prensapresidencialvenezuela.gob.ve\/index.php\/wp-json\/wp\/v2\/posts\/46106","targetHints":{"allow":["GET"]}}],"collection":[{"href":"https:\/\/prensapresidencialvenezuela.gob.ve\/index.php\/wp-json\/wp\/v2\/posts"}],"about":[{"href":"https:\/\/prensapresidencialvenezuela.gob.ve\/index.php\/wp-json\/wp\/v2\/types\/post"}],"author":[{"embeddable":true,"href":"https:\/\/prensapresidencialvenezuela.gob.ve\/index.php\/wp-json\/wp\/v2\/users\/21"}],"replies":[{"embeddable":true,"href":"https:\/\/prensapresidencialvenezuela.gob.ve\/index.php\/wp-json\/wp\/v2\/comments?post=46106"}],"version-history":[{"count":1,"href":"https:\/\/prensapresidencialvenezuela.gob.ve\/index.php\/wp-json\/wp\/v2\/posts\/46106\/revisions"}],"predecessor-version":[{"id":46109,"href":"https:\/\/prensapresidencialvenezuela.gob.ve\/index.php\/wp-json\/wp\/v2\/posts\/46106\/revisions\/46109"}],"wp:featuredmedia":[{"embeddable":true,"href":"https:\/\/prensapresidencialvenezuela.gob.ve\/index.php\/wp-json\/wp\/v2\/media\/46110"}],"wp:attachment":[{"href":"https:\/\/prensapresidencialvenezuela.gob.ve\/index.php\/wp-json\/wp\/v2\/media?parent=46106"}],"wp:term":[{"taxonomy":"category","embeddable":true,"href":"https:\/\/prensapresidencialvenezuela.gob.ve\/index.php\/wp-json\/wp\/v2\/categories?post=46106"},{"taxonomy":"post_tag","embeddable":true,"href":"https:\/\/prensapresidencialvenezuela.gob.ve\/index.php\/wp-json\/wp\/v2\/tags?post=46106"}],"curies":[{"name":"wp","href":"https:\/\/api.w.org\/{rel}","templated":true}]}}