{"id":46130,"date":"2026-04-29T20:43:01","date_gmt":"2026-04-30T00:43:01","guid":{"rendered":"https:\/\/prensapresidencialvenezuela.gob.ve\/?p=46130"},"modified":"2026-04-29T20:43:02","modified_gmt":"2026-04-30T00:43:02","slug":"presidenta-e-delcy-rodriguez-llego-a-la-guaira-para-avanzar-con-gran-peregrinacion-nacional","status":"publish","type":"post","link":"https:\/\/prensapresidencialvenezuela.gob.ve\/index.php\/2026\/04\/29\/presidenta-e-delcy-rodriguez-llego-a-la-guaira-para-avanzar-con-gran-peregrinacion-nacional\/","title":{"rendered":"Presidenta (E) Delcy Rodr\u00edguez lleg\u00f3 a La Guaira para avanzar con Gran Peregrinaci\u00f3n Nacional"},"content":{"rendered":"\n<p><strong>Estado La Guaira, Venezuela. &#8211;<\/strong> En un despliegue cargado de fervor patri\u00f3tico y unidad nacional, la presidenta encargada de la Rep\u00fablica Bolivariana de Venezuela, Delcy Rodr\u00edguez, encabez\u00f3 este mi\u00e9rcoles la Gran Peregrinaci\u00f3n Nacional por una \u00abVenezuela sin Sanciones y en Paz\u00bb, desde el Distribuidor el Tr\u00e9bol.<\/p>\n\n\n\n<p>Desde la Autopista Caracas-La Guaira, la Mandataria Encargada lider\u00f3 una caravana que desbord\u00f3 las calles de la parroquia Carlos Soublette, donde la movilizaci\u00f3n se vio colmada de \u00abclamor de esperanza\u00bb, y con el objetivo central de exigir el levantamiento definitivo las medidas coercitivas unilaterales que afectan el desarrollo integral de la Naci\u00f3n.<\/p>\n\n\n\n<p>En el recorrido, la acompa\u00f1aron representantes del Gobierno Nacional, entre los cuales estaban representantes de la juventud, deporte, salud, educaci\u00f3n, sector empresarial y religioso y Poder Popular.<\/p>\n\n\n\n<p>Por otra parte, es relevante destacar que esta Gran Peregrinaci\u00f3n se da en torno a la \u00abnueva era de encuentro\u00bb, en la que la independencia econ\u00f3mica plena sea la base para la prosperidad de las familias venezolanas.<\/p>\n\n\n\n<p>La movilizaci\u00f3n cerr\u00f3 con un compromiso de unidad nacional, tambi\u00e9n en compa\u00f1\u00eda del gobierno local de la entidad guaire\u00f1a, reafirmando que la defensa del tricolor y el destino productivo de la Naci\u00f3n son tareas que convocan a todos los ciudadanos por igual en la construcci\u00f3n de la \u00abVenezuela Potencia\u00bb.<\/p>\n\n\n\n<p><strong>Prensa Presidencial\/ Irmary D\u00edaz<\/strong><\/p>\n","protected":false},"excerpt":{"rendered":"<p>Estado La Guaira, Venezuela. &#8211; En un despliegue cargado de fervor patri\u00f3tico y unidad nacional, la presidenta encargada de la Rep\u00fablica Bolivariana de Venezuela, Delcy Rodr\u00edguez, encabez\u00f3 este mi\u00e9rcoles la Gran Peregrinaci\u00f3n Nacional por una \u00abVenezuela sin Sanciones y en Paz\u00bb, desde el Distribuidor el Tr\u00e9bol. Desde la Autopista Caracas-La Guaira, la Mandataria Encargada lider\u00f3 [&hellip;]<\/p>\n","protected":false},"author":15,"featured_media":46142,"comment_status":"open","ping_status":"open","sticky":false,"template":"","format":"standard","meta":{"footnotes":""},"categories":[18,7],"tags":[],"class_list":["post-46130","post","type-post","status-publish","format-standard","has-post-thumbnail","hentry","category-noticias-principales","category-notas-de-prensa"],"_links":{"self":[{"href":"https:\/\/prensapresidencialvenezuela.gob.ve\/index.php\/wp-json\/wp\/v2\/posts\/46130","targetHints":{"allow":["GET"]}}],"collection":[{"href":"https:\/\/prensapresidencialvenezuela.gob.ve\/index.php\/wp-json\/wp\/v2\/posts"}],"about":[{"href":"https:\/\/prensapresidencialvenezuela.gob.ve\/index.php\/wp-json\/wp\/v2\/types\/post"}],"author":[{"embeddable":true,"href":"https:\/\/prensapresidencialvenezuela.gob.ve\/index.php\/wp-json\/wp\/v2\/users\/15"}],"replies":[{"embeddable":true,"href":"https:\/\/prensapresidencialvenezuela.gob.ve\/index.php\/wp-json\/wp\/v2\/comments?post=46130"}],"version-history":[{"count":1,"href":"https:\/\/prensapresidencialvenezuela.gob.ve\/index.php\/wp-json\/wp\/v2\/posts\/46130\/revisions"}],"predecessor-version":[{"id":46131,"href":"https:\/\/prensapresidencialvenezuela.gob.ve\/index.php\/wp-json\/wp\/v2\/posts\/46130\/revisions\/46131"}],"wp:featuredmedia":[{"embeddable":true,"href":"https:\/\/prensapresidencialvenezuela.gob.ve\/index.php\/wp-json\/wp\/v2\/media\/46142"}],"wp:attachment":[{"href":"https:\/\/prensapresidencialvenezuela.gob.ve\/index.php\/wp-json\/wp\/v2\/media?parent=46130"}],"wp:term":[{"taxonomy":"category","embeddable":true,"href":"https:\/\/prensapresidencialvenezuela.gob.ve\/index.php\/wp-json\/wp\/v2\/categories?post=46130"},{"taxonomy":"post_tag","embeddable":true,"href":"https:\/\/prensapresidencialvenezuela.gob.ve\/index.php\/wp-json\/wp\/v2\/tags?post=46130"}],"curies":[{"name":"wp","href":"https:\/\/api.w.org\/{rel}","templated":true}]}}