{"id":46133,"date":"2026-04-29T21:05:41","date_gmt":"2026-04-30T01:05:41","guid":{"rendered":"https:\/\/prensapresidencialvenezuela.gob.ve\/?p=46133"},"modified":"2026-04-29T21:05:42","modified_gmt":"2026-04-30T01:05:42","slug":"presidenta-encargada-dialogo-con-sectores-productivos-y-sociedad-civil-de-la-guaira-en-gran-peregrinacion","status":"publish","type":"post","link":"https:\/\/prensapresidencialvenezuela.gob.ve\/index.php\/2026\/04\/29\/presidenta-encargada-dialogo-con-sectores-productivos-y-sociedad-civil-de-la-guaira-en-gran-peregrinacion\/","title":{"rendered":"Presidenta Encargada dialog\u00f3 con sectores productivos y sociedad civil de La Guaira en Gran Peregrinaci\u00f3n"},"content":{"rendered":"\n<p><strong>Estado La Guaira, Venezuela. \u2013 <\/strong>Como parte de la Gran Peregrinaci\u00f3n Nacional por una \u00abVenezuela sin Sanciones y en Paz\u00bb, la presidenta encargada de la Rep\u00fablica Bolivariana de Venezuela, Delcy Rodr\u00edguez, encabez\u00f3 un encuentro estrat\u00e9gico con sectores productivos y la sociedad civil del estado La Guaira.<\/p>\n\n\n\n<p>Vale acotar, que este encuentra destac\u00f3 la participaci\u00f3n de diversas voces de la vida pol\u00edtica y econ\u00f3mica de la regi\u00f3n guaire\u00f1a, con la visi\u00f3n de di\u00e1logo nacional por la convivencia democr\u00e1tica.<\/p>\n\n\n\n<p>La Presidenta Encargada estuvo acompa\u00f1ada por las m\u00e1ximas autoridades del pa\u00eds y la entidad guaire\u00f1a, como el vicepresidente Sectorial de Comunicaci\u00f3n y Cultura, Miguel \u00e1ngel P\u00e9rez Pirela, el ministro del Poder Popular para el Despacho de la Presidencia y Seguimiento de la Gesti\u00f3n de Gobierno, Juan Escalona, el gobernador de La Guiara, Jos\u00e9 Alejandro Ter\u00e1n, el alcalde del municipio Vargas, Jos\u00e9 Manuel Su\u00e1rez Maldonado, as\u00ed como diputados y diputadas de la entidad.<\/p>\n\n\n\n<p>La jornada estuvo amenizada por la agrupaci\u00f3n \u00abLa Guaira Parrandera\u00bb, quienes pusieron la nota cultural y espiritual a este evento que reafirma el compromiso de todos los sectores guaire\u00f1os por un futuro de prosperidad y soberan\u00eda econ\u00f3mica.<\/p>\n\n\n\n<p><strong>Prensa Presidencial\/ Irmary D\u00edaz<\/strong><\/p>\n","protected":false},"excerpt":{"rendered":"<p>Estado La Guaira, Venezuela. \u2013 Como parte de la Gran Peregrinaci\u00f3n Nacional por una \u00abVenezuela sin Sanciones y en Paz\u00bb, la presidenta encargada de la Rep\u00fablica Bolivariana de Venezuela, Delcy Rodr\u00edguez, encabez\u00f3 un encuentro estrat\u00e9gico con sectores productivos y la sociedad civil del estado La Guaira. Vale acotar, que este encuentra destac\u00f3 la participaci\u00f3n de [&hellip;]<\/p>\n","protected":false},"author":15,"featured_media":46144,"comment_status":"open","ping_status":"open","sticky":false,"template":"","format":"standard","meta":{"footnotes":""},"categories":[18,7],"tags":[],"class_list":["post-46133","post","type-post","status-publish","format-standard","has-post-thumbnail","hentry","category-noticias-principales","category-notas-de-prensa"],"_links":{"self":[{"href":"https:\/\/prensapresidencialvenezuela.gob.ve\/index.php\/wp-json\/wp\/v2\/posts\/46133","targetHints":{"allow":["GET"]}}],"collection":[{"href":"https:\/\/prensapresidencialvenezuela.gob.ve\/index.php\/wp-json\/wp\/v2\/posts"}],"about":[{"href":"https:\/\/prensapresidencialvenezuela.gob.ve\/index.php\/wp-json\/wp\/v2\/types\/post"}],"author":[{"embeddable":true,"href":"https:\/\/prensapresidencialvenezuela.gob.ve\/index.php\/wp-json\/wp\/v2\/users\/15"}],"replies":[{"embeddable":true,"href":"https:\/\/prensapresidencialvenezuela.gob.ve\/index.php\/wp-json\/wp\/v2\/comments?post=46133"}],"version-history":[{"count":2,"href":"https:\/\/prensapresidencialvenezuela.gob.ve\/index.php\/wp-json\/wp\/v2\/posts\/46133\/revisions"}],"predecessor-version":[{"id":46137,"href":"https:\/\/prensapresidencialvenezuela.gob.ve\/index.php\/wp-json\/wp\/v2\/posts\/46133\/revisions\/46137"}],"wp:featuredmedia":[{"embeddable":true,"href":"https:\/\/prensapresidencialvenezuela.gob.ve\/index.php\/wp-json\/wp\/v2\/media\/46144"}],"wp:attachment":[{"href":"https:\/\/prensapresidencialvenezuela.gob.ve\/index.php\/wp-json\/wp\/v2\/media?parent=46133"}],"wp:term":[{"taxonomy":"category","embeddable":true,"href":"https:\/\/prensapresidencialvenezuela.gob.ve\/index.php\/wp-json\/wp\/v2\/categories?post=46133"},{"taxonomy":"post_tag","embeddable":true,"href":"https:\/\/prensapresidencialvenezuela.gob.ve\/index.php\/wp-json\/wp\/v2\/tags?post=46133"}],"curies":[{"name":"wp","href":"https:\/\/api.w.org\/{rel}","templated":true}]}}