{"id":46135,"date":"2026-04-29T21:49:02","date_gmt":"2026-04-30T01:49:02","guid":{"rendered":"https:\/\/prensapresidencialvenezuela.gob.ve\/?p=46135"},"modified":"2026-04-29T21:49:03","modified_gmt":"2026-04-30T01:49:03","slug":"cierra-jornada-de-gran-peregrinacion-en-la-guaira-junto-a-movimientos-sociales-y-culturales","status":"publish","type":"post","link":"https:\/\/prensapresidencialvenezuela.gob.ve\/index.php\/2026\/04\/29\/cierra-jornada-de-gran-peregrinacion-en-la-guaira-junto-a-movimientos-sociales-y-culturales\/","title":{"rendered":"Cierra jornada de Gran Peregrinaci\u00f3n en La Guaira junto a movimientos sociales y culturales"},"content":{"rendered":"\n<p><strong>Estado La Guaira, Venezuela. \u2013 <\/strong>A prop\u00f3sito de la Gran Peregrinaci\u00f3n Nacional por una \u00abVenezuela sin Sanciones y en Paz\u00bb, la presidenta encargada de la Rep\u00fablica Bolivariana de Venezuela, Delcy Rodr\u00edguez, lider\u00f3 un encuentro con expresiones culturales, movimientos sociales y la fe cristiana en las instalaciones del Estadio Jorge Luis Garc\u00eda Carneiro.<\/p>\n\n\n\n<p>Esta actividad cargada de simbolismo patri\u00f3tico, fe y esperanza, se convirti\u00f3 en un espacio de di\u00e1logo espiritual y unidad nacional, donde diversos sectores de la sociedad guaire\u00f1a alzaron una sola voz para exigir el fin de las restricciones econ\u00f3micas que afectan a la Naci\u00f3n.<\/p>\n\n\n\n<p>Este encuentro cont\u00f3 con la participaci\u00f3n de l\u00edderes religiosos que elevaron mensajes de reconciliaci\u00f3n, y centrado en la importancia de sanar las heridas del pa\u00eds y avanzar por el camino de la paz.<\/p>\n\n\n\n<p>Como parte de las actividades culturales de la jornada de este 29 de abril, en La Guaira, la presidenta (E) Delcy Rodr\u00edguez comparti\u00f3 con los Diablos Danzantes, La Burriquita, y las Cofrad\u00edas de San Juan Bautista y San Pedro, as\u00ed como con representantes de los Santos Inocentes, las Sardinas de Naiguat\u00e1 y las Estatuas Vivientes, ratificando el orgullo por la identidad nacional.<\/p>\n\n\n\n<p>La jornada en la parroquia Macuto reafirm\u00f3 que la lucha por una \u00abVenezuela sin Sanciones y en Paz\u00bb, trasciende lo pol\u00edtico para convertirse en un sentimiento nacional que une a trabajadores, movimientos sociales, artistas, hombres y mujeres de fe en un solo compromiso por la Patria.<\/p>\n\n\n\n<p><strong>Prensa Presidencial\/ Irmary D\u00edaz<\/strong><\/p>\n","protected":false},"excerpt":{"rendered":"<p>Estado La Guaira, Venezuela. \u2013 A prop\u00f3sito de la Gran Peregrinaci\u00f3n Nacional por una \u00abVenezuela sin Sanciones y en Paz\u00bb, la presidenta encargada de la Rep\u00fablica Bolivariana de Venezuela, Delcy Rodr\u00edguez, lider\u00f3 un encuentro con expresiones culturales, movimientos sociales y la fe cristiana en las instalaciones del Estadio Jorge Luis Garc\u00eda Carneiro. Esta actividad cargada [&hellip;]<\/p>\n","protected":false},"author":15,"featured_media":46148,"comment_status":"open","ping_status":"open","sticky":false,"template":"","format":"standard","meta":{"footnotes":""},"categories":[18,7],"tags":[],"class_list":["post-46135","post","type-post","status-publish","format-standard","has-post-thumbnail","hentry","category-noticias-principales","category-notas-de-prensa"],"_links":{"self":[{"href":"https:\/\/prensapresidencialvenezuela.gob.ve\/index.php\/wp-json\/wp\/v2\/posts\/46135","targetHints":{"allow":["GET"]}}],"collection":[{"href":"https:\/\/prensapresidencialvenezuela.gob.ve\/index.php\/wp-json\/wp\/v2\/posts"}],"about":[{"href":"https:\/\/prensapresidencialvenezuela.gob.ve\/index.php\/wp-json\/wp\/v2\/types\/post"}],"author":[{"embeddable":true,"href":"https:\/\/prensapresidencialvenezuela.gob.ve\/index.php\/wp-json\/wp\/v2\/users\/15"}],"replies":[{"embeddable":true,"href":"https:\/\/prensapresidencialvenezuela.gob.ve\/index.php\/wp-json\/wp\/v2\/comments?post=46135"}],"version-history":[{"count":1,"href":"https:\/\/prensapresidencialvenezuela.gob.ve\/index.php\/wp-json\/wp\/v2\/posts\/46135\/revisions"}],"predecessor-version":[{"id":46136,"href":"https:\/\/prensapresidencialvenezuela.gob.ve\/index.php\/wp-json\/wp\/v2\/posts\/46135\/revisions\/46136"}],"wp:featuredmedia":[{"embeddable":true,"href":"https:\/\/prensapresidencialvenezuela.gob.ve\/index.php\/wp-json\/wp\/v2\/media\/46148"}],"wp:attachment":[{"href":"https:\/\/prensapresidencialvenezuela.gob.ve\/index.php\/wp-json\/wp\/v2\/media?parent=46135"}],"wp:term":[{"taxonomy":"category","embeddable":true,"href":"https:\/\/prensapresidencialvenezuela.gob.ve\/index.php\/wp-json\/wp\/v2\/categories?post=46135"},{"taxonomy":"post_tag","embeddable":true,"href":"https:\/\/prensapresidencialvenezuela.gob.ve\/index.php\/wp-json\/wp\/v2\/tags?post=46135"}],"curies":[{"name":"wp","href":"https:\/\/api.w.org\/{rel}","templated":true}]}}