{"id":46149,"date":"2026-04-29T20:02:00","date_gmt":"2026-04-30T00:02:00","guid":{"rendered":"https:\/\/prensapresidencialvenezuela.gob.ve\/?p=46149"},"modified":"2026-04-29T21:59:02","modified_gmt":"2026-04-30T01:59:02","slug":"presidenta-e-delcy-rodriguez-exige-cese-total-del-bloqueo-para-garantizar-el-futuro-y-la-paz-de-venezuela","status":"publish","type":"post","link":"https:\/\/prensapresidencialvenezuela.gob.ve\/index.php\/2026\/04\/29\/presidenta-e-delcy-rodriguez-exige-cese-total-del-bloqueo-para-garantizar-el-futuro-y-la-paz-de-venezuela\/","title":{"rendered":"Presidenta (E) Delcy Rodr\u00edguez exige cese total del bloqueo para garantizar el futuro y la paz de Venezuela"},"content":{"rendered":"\n<p><strong>Estado Aragua, Venezuela.- <\/strong>Desde el Teatro de Maracay, la presidenta encargada de la Rep\u00fablica Bolivariana de Venezuela, Delcy Rodr\u00edguez, lider\u00f3 la Gran Peregrinaci\u00f3n por una Venezuela libre de sanciones, desde donde realiz\u00f3 un firme llamado a la comunidad internacional para el levantamiento definitivo de las medidas coercitivas unilaterales.<\/p>\n\n\n\n<p>Durante su intervenci\u00f3n, Rodr\u00edguez exhort\u00f3 directamente a los centros de poder en el exterior a poner fin a las pol\u00edticas de asfixia econ\u00f3mica que atentan contra la estabilidad de la naci\u00f3n. <strong><em>\u00abYo tambi\u00e9n pido al presidente Donald Trump, pido a los gobiernos europeos el cese completo del bloqueo contra Venezuela; que no quede vigente ni una sola sanci\u00f3n\u00bb<\/em>,<\/strong> coment\u00f3 la Mandataria Encargada ante la multitud congregada.<\/p>\n\n\n\n<p>La Presidenta Encargada subray\u00f3 que el principal objetivo de esta exigencia es resguardar a los sectores m\u00e1s desprotegidos del pa\u00eds, quienes han soportado de manera directa las consecuencias de las restricciones financieras.<\/p>\n\n\n\n<p>Rodr\u00edguez denunci\u00f3 que estas acciones han generado un da\u00f1o profundo que trasciende el presente, afectando el desarrollo integral de las familias venezolanas.<\/p>\n\n\n\n<p><strong>Prensa Presidencial \/ Kaylib Maita <\/strong><\/p>\n","protected":false},"excerpt":{"rendered":"<p>Estado Aragua, Venezuela.- Desde el Teatro de Maracay, la presidenta encargada de la Rep\u00fablica Bolivariana de Venezuela, Delcy Rodr\u00edguez, lider\u00f3 la Gran Peregrinaci\u00f3n por una Venezuela libre de sanciones, desde donde realiz\u00f3 un firme llamado a la comunidad internacional para el levantamiento definitivo de las medidas coercitivas unilaterales. Durante su intervenci\u00f3n, Rodr\u00edguez exhort\u00f3 directamente a [&hellip;]<\/p>\n","protected":false},"author":21,"featured_media":46155,"comment_status":"open","ping_status":"open","sticky":false,"template":"","format":"standard","meta":{"footnotes":""},"categories":[18,7],"tags":[1736,2034,1891,20],"class_list":["post-46149","post","type-post","status-publish","format-standard","has-post-thumbnail","hentry","category-noticias-principales","category-notas-de-prensa","tag-aragua","tag-cese-total-del-bloqueo","tag-presidenta-encargada-delcy-rodriguez","tag-venezuela"],"_links":{"self":[{"href":"https:\/\/prensapresidencialvenezuela.gob.ve\/index.php\/wp-json\/wp\/v2\/posts\/46149","targetHints":{"allow":["GET"]}}],"collection":[{"href":"https:\/\/prensapresidencialvenezuela.gob.ve\/index.php\/wp-json\/wp\/v2\/posts"}],"about":[{"href":"https:\/\/prensapresidencialvenezuela.gob.ve\/index.php\/wp-json\/wp\/v2\/types\/post"}],"author":[{"embeddable":true,"href":"https:\/\/prensapresidencialvenezuela.gob.ve\/index.php\/wp-json\/wp\/v2\/users\/21"}],"replies":[{"embeddable":true,"href":"https:\/\/prensapresidencialvenezuela.gob.ve\/index.php\/wp-json\/wp\/v2\/comments?post=46149"}],"version-history":[{"count":1,"href":"https:\/\/prensapresidencialvenezuela.gob.ve\/index.php\/wp-json\/wp\/v2\/posts\/46149\/revisions"}],"predecessor-version":[{"id":46151,"href":"https:\/\/prensapresidencialvenezuela.gob.ve\/index.php\/wp-json\/wp\/v2\/posts\/46149\/revisions\/46151"}],"wp:featuredmedia":[{"embeddable":true,"href":"https:\/\/prensapresidencialvenezuela.gob.ve\/index.php\/wp-json\/wp\/v2\/media\/46155"}],"wp:attachment":[{"href":"https:\/\/prensapresidencialvenezuela.gob.ve\/index.php\/wp-json\/wp\/v2\/media?parent=46149"}],"wp:term":[{"taxonomy":"category","embeddable":true,"href":"https:\/\/prensapresidencialvenezuela.gob.ve\/index.php\/wp-json\/wp\/v2\/categories?post=46149"},{"taxonomy":"post_tag","embeddable":true,"href":"https:\/\/prensapresidencialvenezuela.gob.ve\/index.php\/wp-json\/wp\/v2\/tags?post=46149"}],"curies":[{"name":"wp","href":"https:\/\/api.w.org\/{rel}","templated":true}]}}