{"id":46152,"date":"2026-04-29T20:03:00","date_gmt":"2026-04-30T00:03:00","guid":{"rendered":"https:\/\/prensapresidencialvenezuela.gob.ve\/?p=46152"},"modified":"2026-04-29T21:59:17","modified_gmt":"2026-04-30T01:59:17","slug":"gobierno-bolivariano-denuncia-estigma-contra-emprendedores-venezolanos-y-destaca-recuperacion-economica-frente-al-bloqueo","status":"publish","type":"post","link":"https:\/\/prensapresidencialvenezuela.gob.ve\/index.php\/2026\/04\/29\/gobierno-bolivariano-denuncia-estigma-contra-emprendedores-venezolanos-y-destaca-recuperacion-economica-frente-al-bloqueo\/","title":{"rendered":"Gobierno Bolivariano denuncia estigma contra emprendedores venezolanos y destaca recuperaci\u00f3n econ\u00f3mica frente al bloqueo"},"content":{"rendered":"\n<p><strong>Estado Aragua, Venezuela.- <\/strong>La presidenta encargada de la Rep\u00fablica Bolivariana de Venezuela, Delcy Rodr\u00edguez, denunci\u00f3 las expresiones de discriminaci\u00f3n que enfrentan los sectores productivos nacionales en el exterior producto de las medidas coercitivas unipersonales, ejemplificando el caso del fundador de la plataforma Ridery, Gerson G\u00f3mez.<\/p>\n\n\n\n<p>Durante un encuentro por la Gran Peregrinaci\u00f3n por una Venezuela libre de Sanciones y Paz en el emblem\u00e1tico Teatro de la \u00d3pera de Maracay, la Mandataria Encargada relat\u00f3 c\u00f3mo el \u00e9xito del emprendimiento venezolano se ve empa\u00f1ado por el asedio financiero internacional:<strong><em> \u00abGerson contaba que yendo a eventos internacionales con inversionistas, se iba a tomar foto y cuando le preguntaban: &#8216;\u00bfde d\u00f3nde vienes t\u00fa?&#8217;, y \u00e9l dec\u00eda: &#8216;de Venezuela&#8217;, &#8216;no me puedo tomar una foto contigo por las sanciones&#8217;\u00bb.<\/em><\/strong><\/p>\n\n\n\n<p>Rodr\u00edguez calific\u00f3 este hecho como una muestra de lo que ha significado m\u00e1s de una d\u00e9cada de agresiones econ\u00f3micas que buscan aislar el talento y la capacidad de trabajo del pueblo venezolano.<\/p>\n\n\n\n<p><strong>Prensa Presidencial \/ Kaylib Maita <\/strong><\/p>\n","protected":false},"excerpt":{"rendered":"<p>Estado Aragua, Venezuela.- La presidenta encargada de la Rep\u00fablica Bolivariana de Venezuela, Delcy Rodr\u00edguez, denunci\u00f3 las expresiones de discriminaci\u00f3n que enfrentan los sectores productivos nacionales en el exterior producto de las medidas coercitivas unipersonales, ejemplificando el caso del fundador de la plataforma Ridery, Gerson G\u00f3mez. Durante un encuentro por la Gran Peregrinaci\u00f3n por una Venezuela [&hellip;]<\/p>\n","protected":false},"author":21,"featured_media":46156,"comment_status":"open","ping_status":"open","sticky":false,"template":"","format":"standard","meta":{"footnotes":""},"categories":[18,7],"tags":[1736,784,1891,2035,20],"class_list":["post-46152","post","type-post","status-publish","format-standard","has-post-thumbnail","hentry","category-noticias-principales","category-notas-de-prensa","tag-aragua","tag-emprendedores","tag-presidenta-encargada-delcy-rodriguez","tag-recuperacion-economica","tag-venezuela"],"_links":{"self":[{"href":"https:\/\/prensapresidencialvenezuela.gob.ve\/index.php\/wp-json\/wp\/v2\/posts\/46152","targetHints":{"allow":["GET"]}}],"collection":[{"href":"https:\/\/prensapresidencialvenezuela.gob.ve\/index.php\/wp-json\/wp\/v2\/posts"}],"about":[{"href":"https:\/\/prensapresidencialvenezuela.gob.ve\/index.php\/wp-json\/wp\/v2\/types\/post"}],"author":[{"embeddable":true,"href":"https:\/\/prensapresidencialvenezuela.gob.ve\/index.php\/wp-json\/wp\/v2\/users\/21"}],"replies":[{"embeddable":true,"href":"https:\/\/prensapresidencialvenezuela.gob.ve\/index.php\/wp-json\/wp\/v2\/comments?post=46152"}],"version-history":[{"count":1,"href":"https:\/\/prensapresidencialvenezuela.gob.ve\/index.php\/wp-json\/wp\/v2\/posts\/46152\/revisions"}],"predecessor-version":[{"id":46158,"href":"https:\/\/prensapresidencialvenezuela.gob.ve\/index.php\/wp-json\/wp\/v2\/posts\/46152\/revisions\/46158"}],"wp:featuredmedia":[{"embeddable":true,"href":"https:\/\/prensapresidencialvenezuela.gob.ve\/index.php\/wp-json\/wp\/v2\/media\/46156"}],"wp:attachment":[{"href":"https:\/\/prensapresidencialvenezuela.gob.ve\/index.php\/wp-json\/wp\/v2\/media?parent=46152"}],"wp:term":[{"taxonomy":"category","embeddable":true,"href":"https:\/\/prensapresidencialvenezuela.gob.ve\/index.php\/wp-json\/wp\/v2\/categories?post=46152"},{"taxonomy":"post_tag","embeddable":true,"href":"https:\/\/prensapresidencialvenezuela.gob.ve\/index.php\/wp-json\/wp\/v2\/tags?post=46152"}],"curies":[{"name":"wp","href":"https:\/\/api.w.org\/{rel}","templated":true}]}}