{"id":46160,"date":"2026-04-29T20:05:00","date_gmt":"2026-04-30T00:05:00","guid":{"rendered":"https:\/\/prensapresidencialvenezuela.gob.ve\/?p=46160"},"modified":"2026-04-29T22:01:48","modified_gmt":"2026-04-30T02:01:48","slug":"economia-venezolana-lidera-crecimiento-regional-pese-a-sanciones-destaca-presidenta-e-delcy-rodriguez","status":"publish","type":"post","link":"https:\/\/prensapresidencialvenezuela.gob.ve\/index.php\/2026\/04\/29\/economia-venezolana-lidera-crecimiento-regional-pese-a-sanciones-destaca-presidenta-e-delcy-rodriguez\/","title":{"rendered":"Econom\u00eda venezolana lidera crecimiento regional pese a sanciones, destaca presidenta (E) Delcy Rodr\u00edguez"},"content":{"rendered":"\n<p>Maracay, Aragua.- La presidenta Encargada de la Rep\u00fablica Bolivariana de Venezuela, Delcy Rodr\u00edguez, afirm\u00f3 desde el Teatro de la \u00d3pera de Maracay que Venezuela encabeza los indicadores de crecimiento econ\u00f3mico en Sudam\u00e9rica.<\/p>\n\n\n\n<p>Como parte de la Gran Peregrinaci\u00f3n Nacional por una Venezuela Sin Sanciones y en Paz, subray\u00f3 la resiliencia del modelo nacional frente a las medidas coercitivas unilaterales, asegurando que el pa\u00eds avanza en una ruta de recuperaci\u00f3n sostenida con resultados tangibles en el desempe\u00f1o financiero y productivo.<\/p>\n\n\n\n<p>En tal sentido, dijo que las cifras positivas son un reflejo directo de la determinaci\u00f3n social: \u00abAh\u00ed estamos nosotros galopando con nuestros indicadores econ\u00f3micos, demostrando que a pesar de ello tenemos liderazgo en crecimiento econ\u00f3mico en nuestra regi\u00f3n, en Sudam\u00e9rica\u00bb.<\/p>\n\n\n\n<p>La presidenta Encargada asoci\u00f3 este rendimiento estad\u00edstico con el car\u00e1cter de la ciudadan\u00eda: \u00abest\u00e1 diciendo lo grande que es el pueblo de Venezuela\u00bb. Por ello, hizo un llamado a la unidad nacional y a dejar de lado el rencor para continuar en la senda del crecimiento econ\u00f3mico.<\/p>\n\n\n\n<p>\u00abSi hemos podido llegar a este punto, con gran esfuerzo nacional, para poder garantizar mejor\u00eda en el ingreso de los trabajadores, poder garantizar salud, educaci\u00f3n, alimentaci\u00f3n, vivienda, pero hace falta m\u00e1s\u00bb, dijo finalmente.<\/p>\n\n\n\n<p><strong>Prensa Presidencial \/ Iliana Rosales<\/strong><\/p>\n","protected":false},"excerpt":{"rendered":"<p>Maracay, Aragua.- La presidenta Encargada de la Rep\u00fablica Bolivariana de Venezuela, Delcy Rodr\u00edguez, afirm\u00f3 desde el Teatro de la \u00d3pera de Maracay que Venezuela encabeza los indicadores de crecimiento econ\u00f3mico en Sudam\u00e9rica. Como parte de la Gran Peregrinaci\u00f3n Nacional por una Venezuela Sin Sanciones y en Paz, subray\u00f3 la resiliencia del modelo nacional frente a [&hellip;]<\/p>\n","protected":false},"author":19,"featured_media":46161,"comment_status":"open","ping_status":"open","sticky":false,"template":"","format":"standard","meta":{"footnotes":""},"categories":[18,7],"tags":[122,20],"class_list":["post-46160","post","type-post","status-publish","format-standard","has-post-thumbnail","hentry","category-noticias-principales","category-notas-de-prensa","tag-delcy-rodriguez","tag-venezuela"],"_links":{"self":[{"href":"https:\/\/prensapresidencialvenezuela.gob.ve\/index.php\/wp-json\/wp\/v2\/posts\/46160","targetHints":{"allow":["GET"]}}],"collection":[{"href":"https:\/\/prensapresidencialvenezuela.gob.ve\/index.php\/wp-json\/wp\/v2\/posts"}],"about":[{"href":"https:\/\/prensapresidencialvenezuela.gob.ve\/index.php\/wp-json\/wp\/v2\/types\/post"}],"author":[{"embeddable":true,"href":"https:\/\/prensapresidencialvenezuela.gob.ve\/index.php\/wp-json\/wp\/v2\/users\/19"}],"replies":[{"embeddable":true,"href":"https:\/\/prensapresidencialvenezuela.gob.ve\/index.php\/wp-json\/wp\/v2\/comments?post=46160"}],"version-history":[{"count":1,"href":"https:\/\/prensapresidencialvenezuela.gob.ve\/index.php\/wp-json\/wp\/v2\/posts\/46160\/revisions"}],"predecessor-version":[{"id":46162,"href":"https:\/\/prensapresidencialvenezuela.gob.ve\/index.php\/wp-json\/wp\/v2\/posts\/46160\/revisions\/46162"}],"wp:featuredmedia":[{"embeddable":true,"href":"https:\/\/prensapresidencialvenezuela.gob.ve\/index.php\/wp-json\/wp\/v2\/media\/46161"}],"wp:attachment":[{"href":"https:\/\/prensapresidencialvenezuela.gob.ve\/index.php\/wp-json\/wp\/v2\/media?parent=46160"}],"wp:term":[{"taxonomy":"category","embeddable":true,"href":"https:\/\/prensapresidencialvenezuela.gob.ve\/index.php\/wp-json\/wp\/v2\/categories?post=46160"},{"taxonomy":"post_tag","embeddable":true,"href":"https:\/\/prensapresidencialvenezuela.gob.ve\/index.php\/wp-json\/wp\/v2\/tags?post=46160"}],"curies":[{"name":"wp","href":"https:\/\/api.w.org\/{rel}","templated":true}]}}