{"id":46165,"date":"2026-04-29T20:06:00","date_gmt":"2026-04-30T00:06:00","guid":{"rendered":"https:\/\/prensapresidencialvenezuela.gob.ve\/?p=46165"},"modified":"2026-04-29T22:33:07","modified_gmt":"2026-04-30T02:33:07","slug":"presidenta-e-delcy-rodriguez-la-union-de-un-pueblo-evita-que-caigan-los-misiles","status":"publish","type":"post","link":"https:\/\/prensapresidencialvenezuela.gob.ve\/index.php\/2026\/04\/29\/presidenta-e-delcy-rodriguez-la-union-de-un-pueblo-evita-que-caigan-los-misiles\/","title":{"rendered":"Presidenta (E) Delcy Rodr\u00edguez: \u00abLa uni\u00f3n de un pueblo evita que caigan los misiles\u00bb"},"content":{"rendered":"\n<p>Maracay, Aragua.- La presidenta Encargada de la Rep\u00fablica Bolivariana de Venezuela, Delcy Rodr\u00edguez, destac\u00f3 este mi\u00e9rcoles desde el estado Aragua que la cohesi\u00f3n de la ciudadan\u00eda constituye el principal mecanismo de defensa frente a amenazas externas.<\/p>\n\n\n\n<p>Durante su intervenci\u00f3n en el Teatro de la \u00d3pera de Maracay, inst\u00f3 a la poblaci\u00f3n a mantener la cohesi\u00f3n social como garant\u00eda de estabilidad: \u00abporque la uni\u00f3n de un pueblo evita que caigan los misiles, la uni\u00f3n de un pueblo evita las agresiones externas, eso es lo que yo apelo al Pueblo de Venezuela\u00bb.<\/p>\n\n\n\n<p>En su discurso, manifest\u00f3 que el pa\u00eds avanza \u00abcon el estandarte de Bol\u00edvar, de lo que significa la doctrina militar de Bol\u00edvar, la doctrina pol\u00edtica de nuestro libertador Sim\u00f3n Bol\u00edvar\u00bb, vinculando el pensamiento del pr\u00f3cer con la estrategia de soberan\u00eda que se promueve a trav\u00e9s de la Gran Peregrinaci\u00f3n Nacional por una Venezuela Sin Sanciones y en Paz.<\/p>\n\n\n\n<p>Sobre el alcance de la movilizaci\u00f3n que promueve el cese de las sanciones, se\u00f1al\u00f3: \u00abyo siento que la peregrinaci\u00f3n que ya ha recorrido pr\u00e1cticamente toda Venezuela, ha llevado un mensaje extraordinario para el encuentro entre los venezolanos y las venezolanas\u00bb. Detall\u00f3 que la iniciativa ha servido como un canal para promover la interacci\u00f3n ciudadana bajo principios de armon\u00eda.<\/p>\n\n\n\n<p>Finalmente, la Presidenta Encargada hizo un llamado a consolidar la estabilidad interna mediante el reconocimiento de la pluralidad y el respeto mutuo: \u00abEl mensaje de convivencia, hay que convivir en paz, en tranquilidad, hay que ejercer el derecho leg\u00edtimo y genuino a la diversidad\u00bb.<\/p>\n\n\n\n<p><strong>Prensa Presidencial \/ Iliana Rosales<\/strong><\/p>\n","protected":false},"excerpt":{"rendered":"<p>Maracay, Aragua.- La presidenta Encargada de la Rep\u00fablica Bolivariana de Venezuela, Delcy Rodr\u00edguez, destac\u00f3 este mi\u00e9rcoles desde el estado Aragua que la cohesi\u00f3n de la ciudadan\u00eda constituye el principal mecanismo de defensa frente a amenazas externas. Durante su intervenci\u00f3n en el Teatro de la \u00d3pera de Maracay, inst\u00f3 a la poblaci\u00f3n a mantener la cohesi\u00f3n [&hellip;]<\/p>\n","protected":false},"author":19,"featured_media":46167,"comment_status":"open","ping_status":"open","sticky":false,"template":"","format":"standard","meta":{"footnotes":""},"categories":[18,7],"tags":[122,20],"class_list":["post-46165","post","type-post","status-publish","format-standard","has-post-thumbnail","hentry","category-noticias-principales","category-notas-de-prensa","tag-delcy-rodriguez","tag-venezuela"],"_links":{"self":[{"href":"https:\/\/prensapresidencialvenezuela.gob.ve\/index.php\/wp-json\/wp\/v2\/posts\/46165","targetHints":{"allow":["GET"]}}],"collection":[{"href":"https:\/\/prensapresidencialvenezuela.gob.ve\/index.php\/wp-json\/wp\/v2\/posts"}],"about":[{"href":"https:\/\/prensapresidencialvenezuela.gob.ve\/index.php\/wp-json\/wp\/v2\/types\/post"}],"author":[{"embeddable":true,"href":"https:\/\/prensapresidencialvenezuela.gob.ve\/index.php\/wp-json\/wp\/v2\/users\/19"}],"replies":[{"embeddable":true,"href":"https:\/\/prensapresidencialvenezuela.gob.ve\/index.php\/wp-json\/wp\/v2\/comments?post=46165"}],"version-history":[{"count":1,"href":"https:\/\/prensapresidencialvenezuela.gob.ve\/index.php\/wp-json\/wp\/v2\/posts\/46165\/revisions"}],"predecessor-version":[{"id":46168,"href":"https:\/\/prensapresidencialvenezuela.gob.ve\/index.php\/wp-json\/wp\/v2\/posts\/46165\/revisions\/46168"}],"wp:featuredmedia":[{"embeddable":true,"href":"https:\/\/prensapresidencialvenezuela.gob.ve\/index.php\/wp-json\/wp\/v2\/media\/46167"}],"wp:attachment":[{"href":"https:\/\/prensapresidencialvenezuela.gob.ve\/index.php\/wp-json\/wp\/v2\/media?parent=46165"}],"wp:term":[{"taxonomy":"category","embeddable":true,"href":"https:\/\/prensapresidencialvenezuela.gob.ve\/index.php\/wp-json\/wp\/v2\/categories?post=46165"},{"taxonomy":"post_tag","embeddable":true,"href":"https:\/\/prensapresidencialvenezuela.gob.ve\/index.php\/wp-json\/wp\/v2\/tags?post=46165"}],"curies":[{"name":"wp","href":"https:\/\/api.w.org\/{rel}","templated":true}]}}