{"id":46170,"date":"2026-04-29T20:10:00","date_gmt":"2026-04-30T00:10:00","guid":{"rendered":"https:\/\/prensapresidencialvenezuela.gob.ve\/?p=46170"},"modified":"2026-04-29T22:33:45","modified_gmt":"2026-04-30T02:33:45","slug":"presidenta-e-delcy-rodriguez-convoca-al-reencuentro-nacional-y-al-regreso-de-los-venezolanos-en-el-exterior","status":"publish","type":"post","link":"https:\/\/prensapresidencialvenezuela.gob.ve\/index.php\/2026\/04\/29\/presidenta-e-delcy-rodriguez-convoca-al-reencuentro-nacional-y-al-regreso-de-los-venezolanos-en-el-exterior\/","title":{"rendered":"Presidenta (E) Delcy Rodr\u00edguez convoca al reencuentro nacional y al regreso de los venezolanos en el exterior"},"content":{"rendered":"\n<p>Maracay, Aragua \u2013 Durante su intervenci\u00f3n desde Santuario de la Madre Mar\u00eda de San Jos\u00e9, en el estado Aragua, la presidenta Encargada de la Rep\u00fablica Bolivariana de Venezuela, Delcy Rodr\u00edguez, convoc\u00f3 al reencuentro nacional y al regreso de los venezolanos que se encuentran en el exterior.<\/p>\n\n\n\n<p>Destac\u00f3 especialmente un llamado para que la juventud se sume a los planes nacionales de impulso, desarrollo y fortalecimiento del pa\u00eds: \u00abPido a quienes se fueron de nuestra Patria que regresen. Que regresen a trabajar por su pa\u00eds. Que regresen a abrazar a su familia\u201d.<\/p>\n\n\n\n<p>Como parte del objetivo de la Gran Peregrinaci\u00f3n Nacional por una Venezuela Sin Sanciones y en Paz, la Mandataria Encargada vincul\u00f3 la unidad de la poblaci\u00f3n con el \u00e9xito de la Naci\u00f3n, subrayando que la fortaleza del pa\u00eds reside en la cohesi\u00f3n de sus ciudadanos.<\/p>\n\n\n\n<p>Al respecto, afirm\u00f3: \u00abQue nos reencontremos como un solo pueblo. Ah\u00ed est\u00e1 la grandeza de Venezuela. Esa grandeza es la que nos va a conducir a la victoria definitiva. [\u2026] Sin odio. Sin intolerancia. Que ejerzamos nuestro derecho a la diversidad. A ser distintos. Con los intereses comunes. Y ah\u00ed nos encuentren a todos y a todas unidas\u00bb.<\/p>\n\n\n\n<p>Finalmente, inst\u00f3 a la ciudadan\u00eda a ejercer sus derechos pol\u00edticos y sociales bajo un marco de respeto a la pluralidad de ideas.<\/p>\n\n\n\n<p><strong>Prensa Presidencial \/ Iliana Rosales<\/strong><\/p>\n","protected":false},"excerpt":{"rendered":"<p>Maracay, Aragua \u2013 Durante su intervenci\u00f3n desde Santuario de la Madre Mar\u00eda de San Jos\u00e9, en el estado Aragua, la presidenta Encargada de la Rep\u00fablica Bolivariana de Venezuela, Delcy Rodr\u00edguez, convoc\u00f3 al reencuentro nacional y al regreso de los venezolanos que se encuentran en el exterior. Destac\u00f3 especialmente un llamado para que la juventud se [&hellip;]<\/p>\n","protected":false},"author":19,"featured_media":46172,"comment_status":"open","ping_status":"open","sticky":false,"template":"","format":"standard","meta":{"footnotes":""},"categories":[18,7],"tags":[122,20],"class_list":["post-46170","post","type-post","status-publish","format-standard","has-post-thumbnail","hentry","category-noticias-principales","category-notas-de-prensa","tag-delcy-rodriguez","tag-venezuela"],"_links":{"self":[{"href":"https:\/\/prensapresidencialvenezuela.gob.ve\/index.php\/wp-json\/wp\/v2\/posts\/46170","targetHints":{"allow":["GET"]}}],"collection":[{"href":"https:\/\/prensapresidencialvenezuela.gob.ve\/index.php\/wp-json\/wp\/v2\/posts"}],"about":[{"href":"https:\/\/prensapresidencialvenezuela.gob.ve\/index.php\/wp-json\/wp\/v2\/types\/post"}],"author":[{"embeddable":true,"href":"https:\/\/prensapresidencialvenezuela.gob.ve\/index.php\/wp-json\/wp\/v2\/users\/19"}],"replies":[{"embeddable":true,"href":"https:\/\/prensapresidencialvenezuela.gob.ve\/index.php\/wp-json\/wp\/v2\/comments?post=46170"}],"version-history":[{"count":1,"href":"https:\/\/prensapresidencialvenezuela.gob.ve\/index.php\/wp-json\/wp\/v2\/posts\/46170\/revisions"}],"predecessor-version":[{"id":46173,"href":"https:\/\/prensapresidencialvenezuela.gob.ve\/index.php\/wp-json\/wp\/v2\/posts\/46170\/revisions\/46173"}],"wp:featuredmedia":[{"embeddable":true,"href":"https:\/\/prensapresidencialvenezuela.gob.ve\/index.php\/wp-json\/wp\/v2\/media\/46172"}],"wp:attachment":[{"href":"https:\/\/prensapresidencialvenezuela.gob.ve\/index.php\/wp-json\/wp\/v2\/media?parent=46170"}],"wp:term":[{"taxonomy":"category","embeddable":true,"href":"https:\/\/prensapresidencialvenezuela.gob.ve\/index.php\/wp-json\/wp\/v2\/categories?post=46170"},{"taxonomy":"post_tag","embeddable":true,"href":"https:\/\/prensapresidencialvenezuela.gob.ve\/index.php\/wp-json\/wp\/v2\/tags?post=46170"}],"curies":[{"name":"wp","href":"https:\/\/api.w.org\/{rel}","templated":true}]}}