{"id":46180,"date":"2026-04-29T20:14:00","date_gmt":"2026-04-30T00:14:00","guid":{"rendered":"https:\/\/prensapresidencialvenezuela.gob.ve\/?p=46180"},"modified":"2026-04-29T22:48:10","modified_gmt":"2026-04-30T02:48:10","slug":"unidad-nacional-para-la-defensa-de-la-independencia-y-soberania-de-venezuela","status":"publish","type":"post","link":"https:\/\/prensapresidencialvenezuela.gob.ve\/index.php\/2026\/04\/29\/unidad-nacional-para-la-defensa-de-la-independencia-y-soberania-de-venezuela\/","title":{"rendered":"Unidad nacional para la defensa de la independencia y soberan\u00eda de Venezuela"},"content":{"rendered":"\n<p><strong>Estado Aragua, Venezuela. &#8211; <\/strong>Durante su recorrido por tierras arag\u00fce\u00f1as, la presidenta encargada de la Rep\u00fablica Bolivariana de Venezuela, Delcy Rodr\u00edguez, realiz\u00f3 un llamado a la cohesi\u00f3n de todos los sectores del pa\u00eds; acentuando que la unidad es el pilar fundamental para superar los efectos de las medidas coercitivas unilaterales y garantizar la soberan\u00eda de la Naci\u00f3n.<\/p>\n\n\n\n<figure class=\"wp-block-gallery has-nested-images columns-default is-cropped wp-block-gallery-1 is-layout-flex wp-block-gallery-is-layout-flex\">\n<figure class=\"wp-block-image size-large\"><img fetchpriority=\"high\" decoding=\"async\" width=\"791\" height=\"1024\" data-id=\"46184\" src=\"https:\/\/prensapresidencialvenezuela.gob.ve\/wp-content\/uploads\/2026\/04\/IMG_9030-1-791x1024.jpg\" alt=\"\" class=\"wp-image-46184\" srcset=\"https:\/\/prensapresidencialvenezuela.gob.ve\/wp-content\/uploads\/2026\/04\/IMG_9030-1-791x1024.jpg 791w, https:\/\/prensapresidencialvenezuela.gob.ve\/wp-content\/uploads\/2026\/04\/IMG_9030-1-232x300.jpg 232w, https:\/\/prensapresidencialvenezuela.gob.ve\/wp-content\/uploads\/2026\/04\/IMG_9030-1-768x994.jpg 768w, https:\/\/prensapresidencialvenezuela.gob.ve\/wp-content\/uploads\/2026\/04\/IMG_9030-1-1187x1536.jpg 1187w, https:\/\/prensapresidencialvenezuela.gob.ve\/wp-content\/uploads\/2026\/04\/IMG_9030-1-1583x2048.jpg 1583w, https:\/\/prensapresidencialvenezuela.gob.ve\/wp-content\/uploads\/2026\/04\/IMG_9030-1-scaled.jpg 1978w\" sizes=\"(max-width: 791px) 100vw, 791px\" \/><\/figure>\n\n\n\n<figure class=\"wp-block-image size-large\"><img decoding=\"async\" width=\"791\" height=\"1024\" data-id=\"46185\" src=\"https:\/\/prensapresidencialvenezuela.gob.ve\/wp-content\/uploads\/2026\/04\/IMG_2561-791x1024.jpg\" alt=\"\" class=\"wp-image-46185\" srcset=\"https:\/\/prensapresidencialvenezuela.gob.ve\/wp-content\/uploads\/2026\/04\/IMG_2561-791x1024.jpg 791w, https:\/\/prensapresidencialvenezuela.gob.ve\/wp-content\/uploads\/2026\/04\/IMG_2561-232x300.jpg 232w, https:\/\/prensapresidencialvenezuela.gob.ve\/wp-content\/uploads\/2026\/04\/IMG_2561-768x994.jpg 768w, https:\/\/prensapresidencialvenezuela.gob.ve\/wp-content\/uploads\/2026\/04\/IMG_2561-1187x1536.jpg 1187w, https:\/\/prensapresidencialvenezuela.gob.ve\/wp-content\/uploads\/2026\/04\/IMG_2561-1583x2048.jpg 1583w, https:\/\/prensapresidencialvenezuela.gob.ve\/wp-content\/uploads\/2026\/04\/IMG_2561-scaled.jpg 1978w\" sizes=\"(max-width: 791px) 100vw, 791px\" \/><\/figure>\n<\/figure>\n\n\n\n<blockquote class=\"wp-block-quote is-layout-flow wp-block-quote-is-layout-flow\">\n<p>\u00abVamos con Ch\u00e1vez. Vamos a la liberaci\u00f3n de Venezuela\u00bb, asever\u00f3 la Mandataria Encargada. <\/p>\n<\/blockquote>\n\n\n\n<p>Al mismo tiempo, la jefa de Estado encargada resalt\u00f3 que el objetivo central de la lucha pol\u00edtica actual debe ser la liberaci\u00f3n plena de las capacidades econ\u00f3micas y sociales de Venezuela. <\/p>\n\n\n\n<blockquote class=\"wp-block-quote is-layout-flow wp-block-quote-is-layout-flow\">\n<p>\u00abQue cesen, de verdad (\u2026) yo voto por los derechos de nuestro pa\u00eds y por eso necesito la unidad. Por eso necesito la solidaridad (\u2026)\u00bb, expres\u00f3. <\/p>\n<\/blockquote>\n\n\n\n<p>En el mismo orden de ideas, la Mandataria Nacional encargada realz\u00f3 el alto valor hist\u00f3rico por ser camino de la gesta libertadora, e inst\u00f3 a que esta movilizaci\u00f3n marque la hoja de ruta hacia un futuro de reconciliaci\u00f3n nacional. <\/p>\n\n\n\n<p><strong>Prensa Presidencial\/ Irmary D\u00edaz<\/strong><\/p>\n\n\n\n<p><canvas width=\"20\" height=\"20\"><\/canvas><\/p>\n","protected":false},"excerpt":{"rendered":"<p>Estado Aragua, Venezuela. &#8211; Durante su recorrido por tierras arag\u00fce\u00f1as, la presidenta encargada de la Rep\u00fablica Bolivariana de Venezuela, Delcy Rodr\u00edguez, realiz\u00f3 un llamado a la cohesi\u00f3n de todos los sectores del pa\u00eds; acentuando que la unidad es el pilar fundamental para superar los efectos de las medidas coercitivas unilaterales y garantizar la soberan\u00eda de [&hellip;]<\/p>\n","protected":false},"author":15,"featured_media":46182,"comment_status":"open","ping_status":"open","sticky":false,"template":"","format":"standard","meta":{"footnotes":""},"categories":[18,7],"tags":[122,621,527],"class_list":["post-46180","post","type-post","status-publish","format-standard","has-post-thumbnail","hentry","category-noticias-principales","category-notas-de-prensa","tag-delcy-rodriguez","tag-estado","tag-nacion"],"_links":{"self":[{"href":"https:\/\/prensapresidencialvenezuela.gob.ve\/index.php\/wp-json\/wp\/v2\/posts\/46180","targetHints":{"allow":["GET"]}}],"collection":[{"href":"https:\/\/prensapresidencialvenezuela.gob.ve\/index.php\/wp-json\/wp\/v2\/posts"}],"about":[{"href":"https:\/\/prensapresidencialvenezuela.gob.ve\/index.php\/wp-json\/wp\/v2\/types\/post"}],"author":[{"embeddable":true,"href":"https:\/\/prensapresidencialvenezuela.gob.ve\/index.php\/wp-json\/wp\/v2\/users\/15"}],"replies":[{"embeddable":true,"href":"https:\/\/prensapresidencialvenezuela.gob.ve\/index.php\/wp-json\/wp\/v2\/comments?post=46180"}],"version-history":[{"count":2,"href":"https:\/\/prensapresidencialvenezuela.gob.ve\/index.php\/wp-json\/wp\/v2\/posts\/46180\/revisions"}],"predecessor-version":[{"id":46186,"href":"https:\/\/prensapresidencialvenezuela.gob.ve\/index.php\/wp-json\/wp\/v2\/posts\/46180\/revisions\/46186"}],"wp:featuredmedia":[{"embeddable":true,"href":"https:\/\/prensapresidencialvenezuela.gob.ve\/index.php\/wp-json\/wp\/v2\/media\/46182"}],"wp:attachment":[{"href":"https:\/\/prensapresidencialvenezuela.gob.ve\/index.php\/wp-json\/wp\/v2\/media?parent=46180"}],"wp:term":[{"taxonomy":"category","embeddable":true,"href":"https:\/\/prensapresidencialvenezuela.gob.ve\/index.php\/wp-json\/wp\/v2\/categories?post=46180"},{"taxonomy":"post_tag","embeddable":true,"href":"https:\/\/prensapresidencialvenezuela.gob.ve\/index.php\/wp-json\/wp\/v2\/tags?post=46180"}],"curies":[{"name":"wp","href":"https:\/\/api.w.org\/{rel}","templated":true}]}}