{"id":46198,"date":"2026-04-30T16:41:40","date_gmt":"2026-04-30T20:41:40","guid":{"rendered":"https:\/\/prensapresidencialvenezuela.gob.ve\/?p=46198"},"modified":"2026-04-30T16:42:09","modified_gmt":"2026-04-30T20:42:09","slug":"presidenta-e-delcy-rodriguez-lidera-cierre-de-la-gran-peregrinacion-nacional-por-una-venezuela-sin-sanciones-y-en-paz-en-caracas","status":"publish","type":"post","link":"https:\/\/prensapresidencialvenezuela.gob.ve\/index.php\/2026\/04\/30\/presidenta-e-delcy-rodriguez-lidera-cierre-de-la-gran-peregrinacion-nacional-por-una-venezuela-sin-sanciones-y-en-paz-en-caracas\/","title":{"rendered":"Presidenta (E) Delcy Rodr\u00edguez lider\u00f3 cierre de la Gran Peregrinaci\u00f3n Nacional por una \u00abVenezuela sin Sanciones y en Paz\u00bb en Caracas"},"content":{"rendered":"\n<p><strong>Caracas, Venezuela. \u2013 <\/strong>Este jueves, en una movilizaci\u00f3n que recorri\u00f3 los puntos estrat\u00e9gicos de la capital, la presidenta encargada de la Rep\u00fablica Bolivariana de Venezuela, Delcy Rodr\u00edguez, encabez\u00f3 el cierre de la Gran Peregrinaci\u00f3n Nacional, una iniciativa que ha congregado a diversos sectores de la sociedad venezolana, bajo la consigna unificada de una \u00abVenezuela sin Sanciones y en Paz\u00bb.<\/p>\n\n\n\n<p>Este gran encuentro que se realiz\u00f3 en Plaza Venezuela culmin\u00f3 con una concentraci\u00f3n multitudinaria, donde la presidenta (E) Delcy Rodr\u00edguez, se uni\u00f3 junto al Poder Popular, movimientos sociales, culturales, sectores productivos, fuerzas motorizadas, entre otros; para reiterar el compromiso con la estabilidad y tranquilidad de la Naci\u00f3n.<\/p>\n\n\n\n<figure class=\"wp-block-image size-large\"><img fetchpriority=\"high\" decoding=\"async\" width=\"791\" height=\"1024\" src=\"https:\/\/prensapresidencialvenezuela.gob.ve\/wp-content\/uploads\/2026\/04\/IMG_2771-791x1024.jpg\" alt=\"\" class=\"wp-image-46204\" srcset=\"https:\/\/prensapresidencialvenezuela.gob.ve\/wp-content\/uploads\/2026\/04\/IMG_2771-791x1024.jpg 791w, https:\/\/prensapresidencialvenezuela.gob.ve\/wp-content\/uploads\/2026\/04\/IMG_2771-232x300.jpg 232w, https:\/\/prensapresidencialvenezuela.gob.ve\/wp-content\/uploads\/2026\/04\/IMG_2771-768x994.jpg 768w, https:\/\/prensapresidencialvenezuela.gob.ve\/wp-content\/uploads\/2026\/04\/IMG_2771-1187x1536.jpg 1187w, https:\/\/prensapresidencialvenezuela.gob.ve\/wp-content\/uploads\/2026\/04\/IMG_2771-1583x2048.jpg 1583w, https:\/\/prensapresidencialvenezuela.gob.ve\/wp-content\/uploads\/2026\/04\/IMG_2771-scaled.jpg 1978w\" sizes=\"(max-width: 791px) 100vw, 791px\" \/><\/figure>\n\n\n\n<p>Por otra parte, es relevante destacar que esta movilizaci\u00f3n no solo representa un acto de fe y esperanza, sino un mandato popular de soberan\u00eda y autodeterminaci\u00f3n. Adem\u00e1s, para dar continuidad a la recuperaci\u00f3n econ\u00f3mica y el bienestar social.<\/p>\n\n\n\n<p>En el mismo orden de ideas, es importante recordar que, durante el recorrido de esta Gran Peregrinaci\u00f3n por el territorio nacional, la Mandataria Encargada ha reiterado que en el reencuentro est\u00e1 la uni\u00f3n, como un solo pueblo, porque ah\u00ed est\u00e1 la grandeza de Venezuela y es la que la conducir\u00e1 a la victoria.<\/p>\n\n\n\n<p>En contexto, el cierre de la jornada estuvo marcado por expresiones culturales y actos de uni\u00f3n simb\u00f3lica; reafirmando el compromiso del Gobierno Nacional de mantener los canales de di\u00e1logo y defensa de los activos de la Rep\u00fablica en todos los escenarios internacionales.<\/p>\n\n\n\n<p>Adem\u00e1s, con esta movilizaci\u00f3n, Venezuela env\u00eda un mensaje contundente a la comunidad internacional sobre la necesidad de normalizar las relaciones comerciales y diplom\u00e1ticas bajo el respeto mutuo.<\/p>\n\n\n\n<p><strong>Prensa Presidencial\/ Irmary D\u00edaz<\/strong><\/p>\n","protected":false},"excerpt":{"rendered":"<p>Caracas, Venezuela. \u2013 Este jueves, en una movilizaci\u00f3n que recorri\u00f3 los puntos estrat\u00e9gicos de la capital, la presidenta encargada de la Rep\u00fablica Bolivariana de Venezuela, Delcy Rodr\u00edguez, encabez\u00f3 el cierre de la Gran Peregrinaci\u00f3n Nacional, una iniciativa que ha congregado a diversos sectores de la sociedad venezolana, bajo la consigna unificada de una \u00abVenezuela sin [&hellip;]<\/p>\n","protected":false},"author":15,"featured_media":46203,"comment_status":"open","ping_status":"open","sticky":false,"template":"","format":"standard","meta":{"footnotes":""},"categories":[18,7],"tags":[],"class_list":["post-46198","post","type-post","status-publish","format-standard","has-post-thumbnail","hentry","category-noticias-principales","category-notas-de-prensa"],"_links":{"self":[{"href":"https:\/\/prensapresidencialvenezuela.gob.ve\/index.php\/wp-json\/wp\/v2\/posts\/46198","targetHints":{"allow":["GET"]}}],"collection":[{"href":"https:\/\/prensapresidencialvenezuela.gob.ve\/index.php\/wp-json\/wp\/v2\/posts"}],"about":[{"href":"https:\/\/prensapresidencialvenezuela.gob.ve\/index.php\/wp-json\/wp\/v2\/types\/post"}],"author":[{"embeddable":true,"href":"https:\/\/prensapresidencialvenezuela.gob.ve\/index.php\/wp-json\/wp\/v2\/users\/15"}],"replies":[{"embeddable":true,"href":"https:\/\/prensapresidencialvenezuela.gob.ve\/index.php\/wp-json\/wp\/v2\/comments?post=46198"}],"version-history":[{"count":2,"href":"https:\/\/prensapresidencialvenezuela.gob.ve\/index.php\/wp-json\/wp\/v2\/posts\/46198\/revisions"}],"predecessor-version":[{"id":46207,"href":"https:\/\/prensapresidencialvenezuela.gob.ve\/index.php\/wp-json\/wp\/v2\/posts\/46198\/revisions\/46207"}],"wp:featuredmedia":[{"embeddable":true,"href":"https:\/\/prensapresidencialvenezuela.gob.ve\/index.php\/wp-json\/wp\/v2\/media\/46203"}],"wp:attachment":[{"href":"https:\/\/prensapresidencialvenezuela.gob.ve\/index.php\/wp-json\/wp\/v2\/media?parent=46198"}],"wp:term":[{"taxonomy":"category","embeddable":true,"href":"https:\/\/prensapresidencialvenezuela.gob.ve\/index.php\/wp-json\/wp\/v2\/categories?post=46198"},{"taxonomy":"post_tag","embeddable":true,"href":"https:\/\/prensapresidencialvenezuela.gob.ve\/index.php\/wp-json\/wp\/v2\/tags?post=46198"}],"curies":[{"name":"wp","href":"https:\/\/api.w.org\/{rel}","templated":true}]}}