{"id":46199,"date":"2026-04-30T16:35:50","date_gmt":"2026-04-30T20:35:50","guid":{"rendered":"https:\/\/prensapresidencialvenezuela.gob.ve\/?p=46199"},"modified":"2026-04-30T16:35:50","modified_gmt":"2026-04-30T20:35:50","slug":"caracas-se-desborda-en-un-solo-clamor-por-el-cese-de-las-sanciones","status":"publish","type":"post","link":"https:\/\/prensapresidencialvenezuela.gob.ve\/index.php\/2026\/04\/30\/caracas-se-desborda-en-un-solo-clamor-por-el-cese-de-las-sanciones\/","title":{"rendered":"Caracas se desborda en un solo clamor por el cese de las sanciones"},"content":{"rendered":"\n<p><strong>Caracas, Venezuela. \u2014<\/strong> La capital venezolana se convierte hoy en el epicentro de la fe y la resistencia con el cierre de la Gran Peregrinaci\u00f3n por el Cese de las Sanciones y la Paz, una movilizaci\u00f3n que recorri\u00f3 el pa\u00eds desde el pasado 19 de abril.<\/p>\n\n\n\n<p>La presidenta encargada de la Rep\u00fablica Bolivariana de Venezuela, Delcy Rodr\u00edguez, encabeza una masiva caravana motorizada y una marcha popular que simbolizan la determinaci\u00f3n de un pueblo que exige el fin definitivo de las medidas coercitivas unilaterales y el respeto a la soberan\u00eda nacional.<\/p>\n\n\n\n<p>El despliegue, que ha sumado voluntades de diversos sectores sociales y religiosos durante doce d\u00edas de recorrido, tendr\u00e1 su punto de m\u00e1xima expresi\u00f3n en un acto central ubicado Plaza Venezuela. En este espacio, la Mandataria Encargada elevar\u00e1 un mensaje de unidad frente al bloqueo, destacando la resiliencia de la econom\u00eda venezolana y el compromiso inquebrantable del Gobierno Bolivariano con la estabilidad pol\u00edtica y la paz ciudadana.<\/p>\n\n\n\n<p>Con esta jornada, Venezuela cierra un cap\u00edtulo de movilizaci\u00f3n hist\u00f3rica que reafirma el consenso nacional contra la agresi\u00f3n econ\u00f3mica externa. Rodr\u00edguez hace un llamado a la comunidad internacional para el levantamiento total de las restricciones, mientras miles de motorizados y familias caraque\u00f1as celebran el \u00e9xito de esta ruta que uni\u00f3 a la naci\u00f3n en un solo clamor por la justicia y el bienestar del pueblo.<\/p>\n\n\n\n<p><strong>Prensa Presidencial \/ Kaylib Maita<\/strong><\/p>\n","protected":false},"excerpt":{"rendered":"<p>Caracas, Venezuela. \u2014 La capital venezolana se convierte hoy en el epicentro de la fe y la resistencia con el cierre de la Gran Peregrinaci\u00f3n por el Cese de las Sanciones y la Paz, una movilizaci\u00f3n que recorri\u00f3 el pa\u00eds desde el pasado 19 de abril. La presidenta encargada de la Rep\u00fablica Bolivariana de Venezuela, [&hellip;]<\/p>\n","protected":false},"author":21,"featured_media":46200,"comment_status":"open","ping_status":"open","sticky":false,"template":"","format":"standard","meta":{"footnotes":""},"categories":[18,7],"tags":[191,2037,1891,20],"class_list":["post-46199","post","type-post","status-publish","format-standard","has-post-thumbnail","hentry","category-noticias-principales","category-notas-de-prensa","tag-caracas","tag-cese-de-las-sanciones-y-la-paz","tag-presidenta-encargada-delcy-rodriguez","tag-venezuela"],"_links":{"self":[{"href":"https:\/\/prensapresidencialvenezuela.gob.ve\/index.php\/wp-json\/wp\/v2\/posts\/46199","targetHints":{"allow":["GET"]}}],"collection":[{"href":"https:\/\/prensapresidencialvenezuela.gob.ve\/index.php\/wp-json\/wp\/v2\/posts"}],"about":[{"href":"https:\/\/prensapresidencialvenezuela.gob.ve\/index.php\/wp-json\/wp\/v2\/types\/post"}],"author":[{"embeddable":true,"href":"https:\/\/prensapresidencialvenezuela.gob.ve\/index.php\/wp-json\/wp\/v2\/users\/21"}],"replies":[{"embeddable":true,"href":"https:\/\/prensapresidencialvenezuela.gob.ve\/index.php\/wp-json\/wp\/v2\/comments?post=46199"}],"version-history":[{"count":1,"href":"https:\/\/prensapresidencialvenezuela.gob.ve\/index.php\/wp-json\/wp\/v2\/posts\/46199\/revisions"}],"predecessor-version":[{"id":46201,"href":"https:\/\/prensapresidencialvenezuela.gob.ve\/index.php\/wp-json\/wp\/v2\/posts\/46199\/revisions\/46201"}],"wp:featuredmedia":[{"embeddable":true,"href":"https:\/\/prensapresidencialvenezuela.gob.ve\/index.php\/wp-json\/wp\/v2\/media\/46200"}],"wp:attachment":[{"href":"https:\/\/prensapresidencialvenezuela.gob.ve\/index.php\/wp-json\/wp\/v2\/media?parent=46199"}],"wp:term":[{"taxonomy":"category","embeddable":true,"href":"https:\/\/prensapresidencialvenezuela.gob.ve\/index.php\/wp-json\/wp\/v2\/categories?post=46199"},{"taxonomy":"post_tag","embeddable":true,"href":"https:\/\/prensapresidencialvenezuela.gob.ve\/index.php\/wp-json\/wp\/v2\/tags?post=46199"}],"curies":[{"name":"wp","href":"https:\/\/api.w.org\/{rel}","templated":true}]}}