{"id":4620,"date":"2023-02-22T01:05:00","date_gmt":"2023-02-22T01:05:00","guid":{"rendered":"http:\/\/172.27.0.121\/?p=4620"},"modified":"2023-03-02T01:06:30","modified_gmt":"2023-03-02T01:06:30","slug":"venezuela-plantea-meta-de-un-millon-de-emprendedores-a-finales-del-2023","status":"publish","type":"post","link":"https:\/\/prensapresidencialvenezuela.gob.ve\/index.php\/2023\/02\/22\/venezuela-plantea-meta-de-un-millon-de-emprendedores-a-finales-del-2023\/","title":{"rendered":"Venezuela plantea meta de un mill\u00f3n de emprendedores a finales del 2023"},"content":{"rendered":"\n<p><strong>La Guaira, estado La Guaira.-&nbsp;<\/strong>\u201c\u00a1Mot\u00edvense!\u201d es el llamado que realiz\u00f3 el presidente de la Rep\u00fablica, Nicol\u00e1s Maduro, al trazar la meta de un mill\u00f3n de emprendedores y emprendedoras registrados -a finales del a\u00f1o 2023- en la plataforma Emprender Juntos, iniciativa que apunta a dinamizar y acompa\u00f1ar el crecimiento econ\u00f3mico.<\/p>\n\n\n\n<p>\u201cEste a\u00f1o tenemos que llegar, por lo menos, a un mill\u00f3n de emprendimientos a nivel nacional, as\u00ed que mot\u00edvense\u201d, enfatiz\u00f3 desde el Complejo Hist\u00f3rico, Cultural y Memorial \u201cSebasti\u00e1n Francisco de Miranda\u201d, ubicado en el estado La Guaira.<\/p>\n\n\n\n<p>Detall\u00f3 que, hasta el momento, se contabilizan 564 mil emprendedores inscritos a escala nacional, de los cuales 60% son mujeres y 40% hombres.<\/p>\n\n\n\n<p>En este sentido, el jefe de Estado instruy\u00f3 a profundizar los mecanismos destinados a la atenci\u00f3n y respaldo permanente de la actividad emprendedora de Venezuela.<\/p>\n\n\n\n<p>\u201cHay que apoyarlos con financiamiento, compras p\u00fablicas para que siga reverdeciendo la nueva econom\u00eda de emprendimientos\u201d, puntualiz\u00f3.<\/p>\n\n\n\n<p><strong>Prensa Presidencial \/ Karelis Gonz\u00e1lez<\/strong><\/p>\n","protected":false},"excerpt":{"rendered":"<p>La Guaira, estado La Guaira.-&nbsp;\u201c\u00a1Mot\u00edvense!\u201d es el llamado que realiz\u00f3 el presidente de la Rep\u00fablica, Nicol\u00e1s Maduro, al trazar la meta de un mill\u00f3n de emprendedores y emprendedoras registrados -a finales del a\u00f1o 2023- en la plataforma Emprender Juntos, iniciativa que apunta a dinamizar y acompa\u00f1ar el crecimiento econ\u00f3mico. \u201cEste a\u00f1o tenemos que llegar, por [&hellip;]<\/p>\n","protected":false},"author":6,"featured_media":4621,"comment_status":"open","ping_status":"open","sticky":false,"template":"","format":"standard","meta":{"footnotes":""},"categories":[7],"tags":[],"class_list":["post-4620","post","type-post","status-publish","format-standard","has-post-thumbnail","hentry","category-notas-de-prensa"],"_links":{"self":[{"href":"https:\/\/prensapresidencialvenezuela.gob.ve\/index.php\/wp-json\/wp\/v2\/posts\/4620","targetHints":{"allow":["GET"]}}],"collection":[{"href":"https:\/\/prensapresidencialvenezuela.gob.ve\/index.php\/wp-json\/wp\/v2\/posts"}],"about":[{"href":"https:\/\/prensapresidencialvenezuela.gob.ve\/index.php\/wp-json\/wp\/v2\/types\/post"}],"author":[{"embeddable":true,"href":"https:\/\/prensapresidencialvenezuela.gob.ve\/index.php\/wp-json\/wp\/v2\/users\/6"}],"replies":[{"embeddable":true,"href":"https:\/\/prensapresidencialvenezuela.gob.ve\/index.php\/wp-json\/wp\/v2\/comments?post=4620"}],"version-history":[{"count":1,"href":"https:\/\/prensapresidencialvenezuela.gob.ve\/index.php\/wp-json\/wp\/v2\/posts\/4620\/revisions"}],"predecessor-version":[{"id":4622,"href":"https:\/\/prensapresidencialvenezuela.gob.ve\/index.php\/wp-json\/wp\/v2\/posts\/4620\/revisions\/4622"}],"wp:featuredmedia":[{"embeddable":true,"href":"https:\/\/prensapresidencialvenezuela.gob.ve\/index.php\/wp-json\/wp\/v2\/media\/4621"}],"wp:attachment":[{"href":"https:\/\/prensapresidencialvenezuela.gob.ve\/index.php\/wp-json\/wp\/v2\/media?parent=4620"}],"wp:term":[{"taxonomy":"category","embeddable":true,"href":"https:\/\/prensapresidencialvenezuela.gob.ve\/index.php\/wp-json\/wp\/v2\/categories?post=4620"},{"taxonomy":"post_tag","embeddable":true,"href":"https:\/\/prensapresidencialvenezuela.gob.ve\/index.php\/wp-json\/wp\/v2\/tags?post=4620"}],"curies":[{"name":"wp","href":"https:\/\/api.w.org\/{rel}","templated":true}]}}