{"id":46210,"date":"2026-04-30T18:36:46","date_gmt":"2026-04-30T22:36:46","guid":{"rendered":"https:\/\/prensapresidencialvenezuela.gob.ve\/?p=46210"},"modified":"2026-04-30T19:39:45","modified_gmt":"2026-04-30T23:39:45","slug":"presidenta-e-delcy-rodriguez-anuncia-incremento-del-ingreso-minimo-integral-a-240-dolares-y-plan-masivo-de-formalizacion-laboral","status":"publish","type":"post","link":"https:\/\/prensapresidencialvenezuela.gob.ve\/index.php\/2026\/04\/30\/presidenta-e-delcy-rodriguez-anuncia-incremento-del-ingreso-minimo-integral-a-240-dolares-y-plan-masivo-de-formalizacion-laboral\/","title":{"rendered":"Presidenta (E) Delcy Rodr\u00edguez anuncia incremento del ingreso m\u00ednimo integral a 240 d\u00f3lares y plan masivo de formalizaci\u00f3n laboral"},"content":{"rendered":"\n<p><strong>Caracas, Venezuela. &#8211;<\/strong> Desde Plaza Venezuela, la presidenta encargada, Delcy Rodr\u00edguez anunci\u00f3 un <strong>incremento del Ingreso M\u00ednimo Integral el equivalente a 240 d\u00f3lares<\/strong> <strong>mensuales<\/strong>, siendo el <strong>mayor aumento desde el 2018.<\/strong> <strong><em>\u00abEs el aumento m\u00e1s importante en los \u00faltimos a\u00f1os\u00bb<\/em><\/strong>, destac\u00f3 la Presidenta Encargada.<\/p>\n\n\n\n<p>Esta medida cuenta con fuentes de financiamiento propias para evitar impactos inflacionarios, subrayando que la planificaci\u00f3n econ\u00f3mica actual permite fortalecer el poder adquisitivo de los trabajadores sin comprometer la estabilidad monetaria nacional.<\/p>\n\n\n\n<p>Como parte de este paquete de justicia social, <strong>las pensiones experimentar\u00e1n un alza del 40%<\/strong>, situ\u00e1ndose en un <strong>equivalente a 70 d\u00f3lares<\/strong>. Para complementar este ingreso, <strong>se activaron las Brigadas de Atenci\u00f3n Integral para los Abuelos<\/strong>, una red que integra a m\u00e9dicos, especialistas en nutrici\u00f3n y movimientos juveniles.<\/p>\n\n\n\n<p>Rodr\u00edguez admiti\u00f3 que, aunque es un avance necesario para los sectores m\u00e1s vulnerables, el Ejecutivo mantiene el compromiso de seguir escalando estas cifras en funci\u00f3n de la recuperaci\u00f3n de las rentas del pa\u00eds.<\/p>\n\n\n\n<p>El anuncio<strong> incluy\u00f3 la creaci\u00f3n de un Bono de Reconocimiento Profesional <\/strong>con car\u00e1cter retroactivo al 30 de abril, dirigido inicialmente a sectores estrat\u00e9gicos. Este esquema de bonificaci\u00f3n busca dignificar la labor t\u00e9cnica y profesional, estableciendo escalas salariales que se expandir\u00e1n progresivamente a otras \u00e1reas de la administraci\u00f3n p\u00fablica. <\/p>\n\n\n\n<p>Estos anuncios, realizados en la v\u00edspera del D\u00eda del Trabajador, forman parte de una estrategia masiva para la formalizaci\u00f3n y protecci\u00f3n del empleo en Venezuela.<\/p>\n\n\n\n<p><strong>Prensa Presidencial \/ Kaylib Maita <\/strong><\/p>\n","protected":false},"excerpt":{"rendered":"<p>Caracas, Venezuela. &#8211; Desde Plaza Venezuela, la presidenta encargada, Delcy Rodr\u00edguez anunci\u00f3 un incremento del Ingreso M\u00ednimo Integral el equivalente a 240 d\u00f3lares mensuales, siendo el mayor aumento desde el 2018. \u00abEs el aumento m\u00e1s importante en los \u00faltimos a\u00f1os\u00bb, destac\u00f3 la Presidenta Encargada. Esta medida cuenta con fuentes de financiamiento propias para evitar impactos [&hellip;]<\/p>\n","protected":false},"author":21,"featured_media":46211,"comment_status":"open","ping_status":"open","sticky":false,"template":"","format":"standard","meta":{"footnotes":""},"categories":[18,7],"tags":[2039,2038,2040,2041,1891,20],"class_list":["post-46210","post","type-post","status-publish","format-standard","has-post-thumbnail","hentry","category-noticias-principales","category-notas-de-prensa","tag-240-dolares","tag-incremento-del-ingreso-minimo","tag-mayor-aumento","tag-pensiones","tag-presidenta-encargada-delcy-rodriguez","tag-venezuela"],"_links":{"self":[{"href":"https:\/\/prensapresidencialvenezuela.gob.ve\/index.php\/wp-json\/wp\/v2\/posts\/46210","targetHints":{"allow":["GET"]}}],"collection":[{"href":"https:\/\/prensapresidencialvenezuela.gob.ve\/index.php\/wp-json\/wp\/v2\/posts"}],"about":[{"href":"https:\/\/prensapresidencialvenezuela.gob.ve\/index.php\/wp-json\/wp\/v2\/types\/post"}],"author":[{"embeddable":true,"href":"https:\/\/prensapresidencialvenezuela.gob.ve\/index.php\/wp-json\/wp\/v2\/users\/21"}],"replies":[{"embeddable":true,"href":"https:\/\/prensapresidencialvenezuela.gob.ve\/index.php\/wp-json\/wp\/v2\/comments?post=46210"}],"version-history":[{"count":2,"href":"https:\/\/prensapresidencialvenezuela.gob.ve\/index.php\/wp-json\/wp\/v2\/posts\/46210\/revisions"}],"predecessor-version":[{"id":46236,"href":"https:\/\/prensapresidencialvenezuela.gob.ve\/index.php\/wp-json\/wp\/v2\/posts\/46210\/revisions\/46236"}],"wp:featuredmedia":[{"embeddable":true,"href":"https:\/\/prensapresidencialvenezuela.gob.ve\/index.php\/wp-json\/wp\/v2\/media\/46211"}],"wp:attachment":[{"href":"https:\/\/prensapresidencialvenezuela.gob.ve\/index.php\/wp-json\/wp\/v2\/media?parent=46210"}],"wp:term":[{"taxonomy":"category","embeddable":true,"href":"https:\/\/prensapresidencialvenezuela.gob.ve\/index.php\/wp-json\/wp\/v2\/categories?post=46210"},{"taxonomy":"post_tag","embeddable":true,"href":"https:\/\/prensapresidencialvenezuela.gob.ve\/index.php\/wp-json\/wp\/v2\/tags?post=46210"}],"curies":[{"name":"wp","href":"https:\/\/api.w.org\/{rel}","templated":true}]}}