{"id":46217,"date":"2026-04-30T19:07:41","date_gmt":"2026-04-30T23:07:41","guid":{"rendered":"https:\/\/prensapresidencialvenezuela.gob.ve\/?p=46217"},"modified":"2026-04-30T19:07:41","modified_gmt":"2026-04-30T23:07:41","slug":"anuncios-laborales-son-el-resultado-del-acuerdo-entre-centrales-sindicales-trabajadores-y-organizaciones-empresariales","status":"publish","type":"post","link":"https:\/\/prensapresidencialvenezuela.gob.ve\/index.php\/2026\/04\/30\/anuncios-laborales-son-el-resultado-del-acuerdo-entre-centrales-sindicales-trabajadores-y-organizaciones-empresariales\/","title":{"rendered":"Anuncios laborales son el resultado del acuerdo entre centrales sindicales, trabajadores y organizaciones empresariales"},"content":{"rendered":"\n<p><strong>Caracas, Venezuela.-<\/strong> La presidenta Encargada de la Rep\u00fablica Bolivariana de Venezuela, Delcy Rodr\u00edguez, inform\u00f3 que sus recientes anuncios laborales, ante la celebraci\u00f3n del D\u00eda del Trabajador, fue producto de la firma de un hist\u00f3rico acuerdo entre los sindicatos del pa\u00eds, los trabajadores de Venezuela y el sector empresarial en la mesa nacional de di\u00e1logo para los consensos laborales y sociales.<\/p>\n\n\n\n<p>Este espacio de construcci\u00f3n, fue instalado hace apenas 2 semanas, con las principales centrales sindicales, incluyendo la Central Bolivariana, la Confederaci\u00f3n de Trabajadores de Venezuela (CTV) y la Alianza Sindical Independiente (ASI), junto a las organizaciones empresariales Fedec\u00e1maras y Fedeindustria.<\/p>\n\n\n\n<p>\u00abQueremos mejores salarios para los trabajadores, queremos recuperar plenamente el alcance de lo que significa el salario, claro que s\u00ed, vamos entonces, primer paso para poder garantizar el poder adquisitivo de los trabajadores y de las trabajadoras del pa\u00eds\u00bb, precis\u00f3 la Mandataria Nacional Encargada.<\/p>\n\n\n\n<p>Rodr\u00edguez celebr\u00f3 este entendimiento como una prueba fehaciente de que el di\u00e1logo es la v\u00eda m\u00e1s efectiva para generar resultados positivos tanto para la clase trabajadora como para el fortalecimiento de la productividad nacional.<\/p>\n\n\n\n<p>Durante el cierre de la Peregrinaci\u00f3n por una Venezuela Sin Sanciones y en Paz, la Presidenta Encargada destac\u00f3 la importancia de escuchar las demandas de los trabajadores, reconociendo la legitimidad de sus solicitudes en torno a la mejora de los ingresos.<\/p>\n\n\n\n<p>Con este primer paso concreto, el Ejecutivo Nacional se prepara para implementar las medidas derivadas de este consenso, con la mirada puesta en dignificar la labor de los venezolanos y asegurar un entorno de crecimiento y justicia laboral para todos.<\/p>\n\n\n\n<p><strong>Prensa Presidencial\/ Claudia Guerra M\u00e9ndez<\/strong><\/p>\n","protected":false},"excerpt":{"rendered":"<p>Caracas, Venezuela.- La presidenta Encargada de la Rep\u00fablica Bolivariana de Venezuela, Delcy Rodr\u00edguez, inform\u00f3 que sus recientes anuncios laborales, ante la celebraci\u00f3n del D\u00eda del Trabajador, fue producto de la firma de un hist\u00f3rico acuerdo entre los sindicatos del pa\u00eds, los trabajadores de Venezuela y el sector empresarial en la mesa nacional de di\u00e1logo para [&hellip;]<\/p>\n","protected":false},"author":18,"featured_media":46218,"comment_status":"open","ping_status":"open","sticky":false,"template":"","format":"standard","meta":{"footnotes":""},"categories":[18,7],"tags":[122,1980,1891,20],"class_list":["post-46217","post","type-post","status-publish","format-standard","has-post-thumbnail","hentry","category-noticias-principales","category-notas-de-prensa","tag-delcy-rodriguez","tag-gran-peregrinacion-nacional","tag-presidenta-encargada-delcy-rodriguez","tag-venezuela"],"_links":{"self":[{"href":"https:\/\/prensapresidencialvenezuela.gob.ve\/index.php\/wp-json\/wp\/v2\/posts\/46217","targetHints":{"allow":["GET"]}}],"collection":[{"href":"https:\/\/prensapresidencialvenezuela.gob.ve\/index.php\/wp-json\/wp\/v2\/posts"}],"about":[{"href":"https:\/\/prensapresidencialvenezuela.gob.ve\/index.php\/wp-json\/wp\/v2\/types\/post"}],"author":[{"embeddable":true,"href":"https:\/\/prensapresidencialvenezuela.gob.ve\/index.php\/wp-json\/wp\/v2\/users\/18"}],"replies":[{"embeddable":true,"href":"https:\/\/prensapresidencialvenezuela.gob.ve\/index.php\/wp-json\/wp\/v2\/comments?post=46217"}],"version-history":[{"count":1,"href":"https:\/\/prensapresidencialvenezuela.gob.ve\/index.php\/wp-json\/wp\/v2\/posts\/46217\/revisions"}],"predecessor-version":[{"id":46219,"href":"https:\/\/prensapresidencialvenezuela.gob.ve\/index.php\/wp-json\/wp\/v2\/posts\/46217\/revisions\/46219"}],"wp:featuredmedia":[{"embeddable":true,"href":"https:\/\/prensapresidencialvenezuela.gob.ve\/index.php\/wp-json\/wp\/v2\/media\/46218"}],"wp:attachment":[{"href":"https:\/\/prensapresidencialvenezuela.gob.ve\/index.php\/wp-json\/wp\/v2\/media?parent=46217"}],"wp:term":[{"taxonomy":"category","embeddable":true,"href":"https:\/\/prensapresidencialvenezuela.gob.ve\/index.php\/wp-json\/wp\/v2\/categories?post=46217"},{"taxonomy":"post_tag","embeddable":true,"href":"https:\/\/prensapresidencialvenezuela.gob.ve\/index.php\/wp-json\/wp\/v2\/tags?post=46217"}],"curies":[{"name":"wp","href":"https:\/\/api.w.org\/{rel}","templated":true}]}}