{"id":46220,"date":"2026-04-30T19:09:21","date_gmt":"2026-04-30T23:09:21","guid":{"rendered":"https:\/\/prensapresidencialvenezuela.gob.ve\/?p=46220"},"modified":"2026-04-30T19:09:21","modified_gmt":"2026-04-30T23:09:21","slug":"presidenta-e-delcy-rodriguez-ordena-la-recuperacion-del-funcionamiento-de-las-inspectorias-del-trabajo","status":"publish","type":"post","link":"https:\/\/prensapresidencialvenezuela.gob.ve\/index.php\/2026\/04\/30\/presidenta-e-delcy-rodriguez-ordena-la-recuperacion-del-funcionamiento-de-las-inspectorias-del-trabajo\/","title":{"rendered":"Presidenta (E) Delcy Rodr\u00edguez ordena la recuperaci\u00f3n del funcionamiento de las inspector\u00edas del trabajo"},"content":{"rendered":"\n<p><strong>Caracas, Venezuela.-<\/strong> La presidenta Encargada de la Rep\u00fablica Bolivariana Venezuela, Delcy Rodr\u00edguez, orden\u00f3 la plena recuperaci\u00f3n y optimizaci\u00f3n del funcionamiento de las inspector\u00edas del trabajo en todo el territorio nacional, con el firme prop\u00f3sito de garantizar que los trabajadores cuenten con espacios efectivos donde sus derechos sean escuchados y defendidos.<\/p>\n\n\n\n<p>Esta instrucci\u00f3n busca devolver la operatividad a estas instituciones para que act\u00faen como garantes del respeto a la jornada laboral y como un escudo contra cualquier tipo de abuso o desviaci\u00f3n que pueda afectar el bienestar de la clase obrera.<\/p>\n\n\n\n<p>\u00abTenemos que formalizar a los trabajadores y a las trabajadoras para que puedan tener el amparo del Estado y el amparo de la ley, est\u00e1 muy bajo el nivel de formalizaci\u00f3n y por eso hemos visto las distorsiones en el ingreso, en las pensiones, tenemos que formalizarnos y es una tarea que ya no podemos postergar\u00bb, explic\u00f3 la Jefa de Estado Encargada.<\/p>\n\n\n\n<p>Durante su intervenci\u00f3n en el cierre de la <a>Peregrinaci\u00f3n por una Venezuela Sin Sanciones y en Paz<\/a>, la Mandataria Encargada solicit\u00f3 el apoyo conjunto de los trabajadores y el sector empresarial para avanzar en este proceso, destacando que la formalizaci\u00f3n es indispensable para asegurar condiciones de trabajo justas y equitativas.<\/p>\n\n\n\n<p>Finalmente, la Presidenta Encargada detall\u00f3 que ha solicitado a la mesa nacional de di\u00e1logo para los consensos laborales y sociales que trabaje en la construcci\u00f3n de una nueva convenci\u00f3n colectiva.<\/p>\n\n\n\n<p>El objetivo central de esta propuesta es vincular dicho instrumento con el crecimiento econ\u00f3mico del pa\u00eds, asegurando que los beneficios se traduzcan directamente en una mejor calidad de vida para los trabajadores.<\/p>\n\n\n\n<p><strong>Prensa Presidencial\/ Claudia Guerra M\u00e9ndez<\/strong><\/p>\n","protected":false},"excerpt":{"rendered":"<p>Caracas, Venezuela.- La presidenta Encargada de la Rep\u00fablica Bolivariana Venezuela, Delcy Rodr\u00edguez, orden\u00f3 la plena recuperaci\u00f3n y optimizaci\u00f3n del funcionamiento de las inspector\u00edas del trabajo en todo el territorio nacional, con el firme prop\u00f3sito de garantizar que los trabajadores cuenten con espacios efectivos donde sus derechos sean escuchados y defendidos. Esta instrucci\u00f3n busca devolver la [&hellip;]<\/p>\n","protected":false},"author":18,"featured_media":46221,"comment_status":"open","ping_status":"open","sticky":false,"template":"","format":"standard","meta":{"footnotes":""},"categories":[18,7],"tags":[122,1980,1891,20],"class_list":["post-46220","post","type-post","status-publish","format-standard","has-post-thumbnail","hentry","category-noticias-principales","category-notas-de-prensa","tag-delcy-rodriguez","tag-gran-peregrinacion-nacional","tag-presidenta-encargada-delcy-rodriguez","tag-venezuela"],"_links":{"self":[{"href":"https:\/\/prensapresidencialvenezuela.gob.ve\/index.php\/wp-json\/wp\/v2\/posts\/46220","targetHints":{"allow":["GET"]}}],"collection":[{"href":"https:\/\/prensapresidencialvenezuela.gob.ve\/index.php\/wp-json\/wp\/v2\/posts"}],"about":[{"href":"https:\/\/prensapresidencialvenezuela.gob.ve\/index.php\/wp-json\/wp\/v2\/types\/post"}],"author":[{"embeddable":true,"href":"https:\/\/prensapresidencialvenezuela.gob.ve\/index.php\/wp-json\/wp\/v2\/users\/18"}],"replies":[{"embeddable":true,"href":"https:\/\/prensapresidencialvenezuela.gob.ve\/index.php\/wp-json\/wp\/v2\/comments?post=46220"}],"version-history":[{"count":1,"href":"https:\/\/prensapresidencialvenezuela.gob.ve\/index.php\/wp-json\/wp\/v2\/posts\/46220\/revisions"}],"predecessor-version":[{"id":46222,"href":"https:\/\/prensapresidencialvenezuela.gob.ve\/index.php\/wp-json\/wp\/v2\/posts\/46220\/revisions\/46222"}],"wp:featuredmedia":[{"embeddable":true,"href":"https:\/\/prensapresidencialvenezuela.gob.ve\/index.php\/wp-json\/wp\/v2\/media\/46221"}],"wp:attachment":[{"href":"https:\/\/prensapresidencialvenezuela.gob.ve\/index.php\/wp-json\/wp\/v2\/media?parent=46220"}],"wp:term":[{"taxonomy":"category","embeddable":true,"href":"https:\/\/prensapresidencialvenezuela.gob.ve\/index.php\/wp-json\/wp\/v2\/categories?post=46220"},{"taxonomy":"post_tag","embeddable":true,"href":"https:\/\/prensapresidencialvenezuela.gob.ve\/index.php\/wp-json\/wp\/v2\/tags?post=46220"}],"curies":[{"name":"wp","href":"https:\/\/api.w.org\/{rel}","templated":true}]}}