{"id":46224,"date":"2026-04-30T19:11:28","date_gmt":"2026-04-30T23:11:28","guid":{"rendered":"https:\/\/prensapresidencialvenezuela.gob.ve\/?p=46224"},"modified":"2026-04-30T19:11:29","modified_gmt":"2026-04-30T23:11:29","slug":"ejecutivo-nacional-anuncia-bono-de-reconocimiento-profesional-y-academico-para-sectores-estrategicos-del-pais","status":"publish","type":"post","link":"https:\/\/prensapresidencialvenezuela.gob.ve\/index.php\/2026\/04\/30\/ejecutivo-nacional-anuncia-bono-de-reconocimiento-profesional-y-academico-para-sectores-estrategicos-del-pais\/","title":{"rendered":"Ejecutivo Nacional anuncia bono de reconocimiento profesional y acad\u00e9mico para sectores estrat\u00e9gicos del pa\u00eds"},"content":{"rendered":"\n<p><strong>Caracas, Venezuela.-<\/strong> La presidenta Encargada de la Rep\u00fablica Bolivariana Venezuela, Delcy Rodr\u00edguez, anunci\u00f3 la implementaci\u00f3n de un nuevo bono de reconocimiento profesional y acad\u00e9mico destinado a fortalecer a los sectores estrat\u00e9gicos del pa\u00eds.<\/p>\n\n\n\n<p>\u00abQuiero tambi\u00e9n anunciar un bono de reconocimiento profesional y acad\u00e9mico a los sectores estrat\u00e9gicos del pa\u00eds y estos incrementos se pagar\u00e1n de manera retroactiva a partir del d\u00eda de hoy 30 de abril\u00bb, explic\u00f3 la Mandataria Nacional Encargada durante el cierre de la Peregrinaci\u00f3n por una Venezuela Sin Sanciones y en Paz.<\/p>\n\n\n\n<p>La Jefa de Estado Encargada destac\u00f3 que este incentivo es un paso necesario para honrar la dedicaci\u00f3n de quienes, con su conocimiento, contribuyen diariamente a la estabilidad y el crecimiento del pa\u00eds.<\/p>\n\n\n\n<p>Este bono se suma a las recientes iniciativas del Ejecutivo Nacional orientadas a la dignificaci\u00f3n de la clase trabajadora y la recuperaci\u00f3n de sus ingresos.<\/p>\n\n\n\n<p><strong>Prensa Presidencial\/ Claudia Guerra M\u00e9ndez<\/strong><\/p>\n","protected":false},"excerpt":{"rendered":"<p>Caracas, Venezuela.- La presidenta Encargada de la Rep\u00fablica Bolivariana Venezuela, Delcy Rodr\u00edguez, anunci\u00f3 la implementaci\u00f3n de un nuevo bono de reconocimiento profesional y acad\u00e9mico destinado a fortalecer a los sectores estrat\u00e9gicos del pa\u00eds. \u00abQuiero tambi\u00e9n anunciar un bono de reconocimiento profesional y acad\u00e9mico a los sectores estrat\u00e9gicos del pa\u00eds y estos incrementos se pagar\u00e1n de [&hellip;]<\/p>\n","protected":false},"author":18,"featured_media":46225,"comment_status":"open","ping_status":"open","sticky":false,"template":"","format":"standard","meta":{"footnotes":""},"categories":[18,7],"tags":[122,1980,1891,20],"class_list":["post-46224","post","type-post","status-publish","format-standard","has-post-thumbnail","hentry","category-noticias-principales","category-notas-de-prensa","tag-delcy-rodriguez","tag-gran-peregrinacion-nacional","tag-presidenta-encargada-delcy-rodriguez","tag-venezuela"],"_links":{"self":[{"href":"https:\/\/prensapresidencialvenezuela.gob.ve\/index.php\/wp-json\/wp\/v2\/posts\/46224","targetHints":{"allow":["GET"]}}],"collection":[{"href":"https:\/\/prensapresidencialvenezuela.gob.ve\/index.php\/wp-json\/wp\/v2\/posts"}],"about":[{"href":"https:\/\/prensapresidencialvenezuela.gob.ve\/index.php\/wp-json\/wp\/v2\/types\/post"}],"author":[{"embeddable":true,"href":"https:\/\/prensapresidencialvenezuela.gob.ve\/index.php\/wp-json\/wp\/v2\/users\/18"}],"replies":[{"embeddable":true,"href":"https:\/\/prensapresidencialvenezuela.gob.ve\/index.php\/wp-json\/wp\/v2\/comments?post=46224"}],"version-history":[{"count":1,"href":"https:\/\/prensapresidencialvenezuela.gob.ve\/index.php\/wp-json\/wp\/v2\/posts\/46224\/revisions"}],"predecessor-version":[{"id":46227,"href":"https:\/\/prensapresidencialvenezuela.gob.ve\/index.php\/wp-json\/wp\/v2\/posts\/46224\/revisions\/46227"}],"wp:featuredmedia":[{"embeddable":true,"href":"https:\/\/prensapresidencialvenezuela.gob.ve\/index.php\/wp-json\/wp\/v2\/media\/46225"}],"wp:attachment":[{"href":"https:\/\/prensapresidencialvenezuela.gob.ve\/index.php\/wp-json\/wp\/v2\/media?parent=46224"}],"wp:term":[{"taxonomy":"category","embeddable":true,"href":"https:\/\/prensapresidencialvenezuela.gob.ve\/index.php\/wp-json\/wp\/v2\/categories?post=46224"},{"taxonomy":"post_tag","embeddable":true,"href":"https:\/\/prensapresidencialvenezuela.gob.ve\/index.php\/wp-json\/wp\/v2\/tags?post=46224"}],"curies":[{"name":"wp","href":"https:\/\/api.w.org\/{rel}","templated":true}]}}