{"id":46229,"date":"2026-04-30T19:36:59","date_gmt":"2026-04-30T23:36:59","guid":{"rendered":"https:\/\/prensapresidencialvenezuela.gob.ve\/?p=46229"},"modified":"2026-04-30T19:40:50","modified_gmt":"2026-04-30T23:40:50","slug":"presidenta-e-delcy-rodriguez-invito-a-seguir-la-peregrinacion-por-el-renacer-de-venezuela","status":"publish","type":"post","link":"https:\/\/prensapresidencialvenezuela.gob.ve\/index.php\/2026\/04\/30\/presidenta-e-delcy-rodriguez-invito-a-seguir-la-peregrinacion-por-el-renacer-de-venezuela\/","title":{"rendered":"Presidenta (E) Delcy Rodr\u00edguez invit\u00f3 a seguir la \u00abperegrinaci\u00f3n por el renacer de Venezuela\u00bb"},"content":{"rendered":"\n<p><strong>Caracas, Venezuela.-<\/strong> La presidenta Encargada de la Rep\u00fablica Bolivariana de Venezuela, Delcy Rodr\u00edguez, agradeci\u00f3 a todo su equipo de trabajo y al pueblo venezolano por su constancia y determinaci\u00f3n en la Peregrinaci\u00f3n por una Venezuela Sin Sanciones y en Paz.<\/p>\n\n\n\n<p>\u00abGracias hermanos y hermanos por esta Peregrinaci\u00f3n, gracias a todo el equipo, gracias Venezuela y gracias para que sigamos continuando en este peregrinar hasta que no quede una sola sanci\u00f3n, gracias Venezuela\u00bb, dijo la Mandataria Nacional Encargada en el cierre de la actividad nacional que inici\u00f3 el pasado 19 de abril.<\/p>\n\n\n\n<p>Rodr\u00edguez, destac\u00f3 que el objetivo es que \u00abtodas las inversiones se transformen en empleo, en ingreso, en salud, en educaci\u00f3n, en bienestar social del pueblo de Venezuela\u00bb, denotando que cada paso dado en esta direcci\u00f3n es un aporte fundamental para la construcci\u00f3n de un pa\u00eds pr\u00f3spero y lleno de oportunidades.<\/p>\n\n\n\n<p>Durante su intervenci\u00f3n en el cierre de la Peregrinaci\u00f3n por una Venezuela sin Sanciones y en Paz, la Presidenta Encargada describi\u00f3 este esfuerzo como una \u00abperegrinaci\u00f3n por el renacer de Venezuela\u00bb, donde el compromiso y el trabajo conjunto son los pilares que permitir\u00e1n transformar la realidad econ\u00f3mica hacia un horizonte de mayor estabilidad y crecimiento.<\/p>\n\n\n\n<p>Finalmente, la Mandataria Encargada agradeci\u00f3 reafirm\u00f3 su compromiso de continuar trabajando incansablemente en este peregrinar, con la meta clara de lograr el levantamiento total de las sanciones externas..<\/p>\n\n\n\n<p><strong>Prensa Presidencial\/ Claudia Guerra M\u00e9ndez<\/strong><\/p>\n","protected":false},"excerpt":{"rendered":"<p>Caracas, Venezuela.- La presidenta Encargada de la Rep\u00fablica Bolivariana de Venezuela, Delcy Rodr\u00edguez, agradeci\u00f3 a todo su equipo de trabajo y al pueblo venezolano por su constancia y determinaci\u00f3n en la Peregrinaci\u00f3n por una Venezuela Sin Sanciones y en Paz. \u00abGracias hermanos y hermanos por esta Peregrinaci\u00f3n, gracias a todo el equipo, gracias Venezuela y [&hellip;]<\/p>\n","protected":false},"author":18,"featured_media":46232,"comment_status":"open","ping_status":"open","sticky":false,"template":"","format":"standard","meta":{"footnotes":""},"categories":[18,7],"tags":[122,1980,1891,20],"class_list":["post-46229","post","type-post","status-publish","format-standard","has-post-thumbnail","hentry","category-noticias-principales","category-notas-de-prensa","tag-delcy-rodriguez","tag-gran-peregrinacion-nacional","tag-presidenta-encargada-delcy-rodriguez","tag-venezuela"],"_links":{"self":[{"href":"https:\/\/prensapresidencialvenezuela.gob.ve\/index.php\/wp-json\/wp\/v2\/posts\/46229","targetHints":{"allow":["GET"]}}],"collection":[{"href":"https:\/\/prensapresidencialvenezuela.gob.ve\/index.php\/wp-json\/wp\/v2\/posts"}],"about":[{"href":"https:\/\/prensapresidencialvenezuela.gob.ve\/index.php\/wp-json\/wp\/v2\/types\/post"}],"author":[{"embeddable":true,"href":"https:\/\/prensapresidencialvenezuela.gob.ve\/index.php\/wp-json\/wp\/v2\/users\/18"}],"replies":[{"embeddable":true,"href":"https:\/\/prensapresidencialvenezuela.gob.ve\/index.php\/wp-json\/wp\/v2\/comments?post=46229"}],"version-history":[{"count":1,"href":"https:\/\/prensapresidencialvenezuela.gob.ve\/index.php\/wp-json\/wp\/v2\/posts\/46229\/revisions"}],"predecessor-version":[{"id":46233,"href":"https:\/\/prensapresidencialvenezuela.gob.ve\/index.php\/wp-json\/wp\/v2\/posts\/46229\/revisions\/46233"}],"wp:featuredmedia":[{"embeddable":true,"href":"https:\/\/prensapresidencialvenezuela.gob.ve\/index.php\/wp-json\/wp\/v2\/media\/46232"}],"wp:attachment":[{"href":"https:\/\/prensapresidencialvenezuela.gob.ve\/index.php\/wp-json\/wp\/v2\/media?parent=46229"}],"wp:term":[{"taxonomy":"category","embeddable":true,"href":"https:\/\/prensapresidencialvenezuela.gob.ve\/index.php\/wp-json\/wp\/v2\/categories?post=46229"},{"taxonomy":"post_tag","embeddable":true,"href":"https:\/\/prensapresidencialvenezuela.gob.ve\/index.php\/wp-json\/wp\/v2\/tags?post=46229"}],"curies":[{"name":"wp","href":"https:\/\/api.w.org\/{rel}","templated":true}]}}