{"id":46260,"date":"2026-05-01T21:37:29","date_gmt":"2026-05-02T01:37:29","guid":{"rendered":"https:\/\/prensapresidencialvenezuela.gob.ve\/?p=46260"},"modified":"2026-05-01T21:39:42","modified_gmt":"2026-05-02T01:39:42","slug":"venezuela-felicita-al-primer-ministro-gaston-browne-tras-su-victoria-electoral-en-antigua-y-barbuda","status":"publish","type":"post","link":"https:\/\/prensapresidencialvenezuela.gob.ve\/index.php\/2026\/05\/01\/venezuela-felicita-al-primer-ministro-gaston-browne-tras-su-victoria-electoral-en-antigua-y-barbuda\/","title":{"rendered":"Venezuela felicita al Primer Ministro Gaston Browne tras su victoria electoral en Antigua y Barbuda"},"content":{"rendered":"\n<p><strong>Caracas, Venezuela.- <\/strong>El Gobierno de la Rep\u00fablica Bolivariana de Venezuela, a trav\u00e9s de la cuenta oficial de la Presidenta Encargada, Delcy Rodr\u00edguez, extendi\u00f3 un fraterno mensaje de felicitaci\u00f3n al Primer Ministro Gaston Browne por su reciente triunfo electoral.<\/p>\n\n\n\n<p>La Mandataria Encargda destac\u00f3 que este resultado es una muestra fehaciente de la confianza renovada del pueblo de Antigua y Barbuda en su liderazgo, celebrando con genuino aprecio la continuidad de un proyecto pol\u00edtico que apuesta por la estabilidad y el desarrollo de la naci\u00f3n caribe\u00f1a.<\/p>\n\n\n\n<p>Asimismo, Venezuela reafirm\u00f3 su compromiso de seguir fortaleciendo los lazos de hermandad, cooperaci\u00f3n y solidaridad que unen a ambos pueblos.<\/p>\n\n\n\n<p>El mensaje oficial subraya la voluntad de avanzar conjuntamente en una agenda de bienestar compartido, impulsando la integraci\u00f3n regional y el desarrollo mutuo bajo los principios de soberan\u00eda y respeto que caracterizan las relaciones diplom\u00e1ticas entre estas naciones hermanas del Caribe.<\/p>\n\n\n\n<p>Prensa Presidencial \/ Kaylib Maita<\/p>\n","protected":false},"excerpt":{"rendered":"<p>Caracas, Venezuela.- El Gobierno de la Rep\u00fablica Bolivariana de Venezuela, a trav\u00e9s de la cuenta oficial de la Presidenta Encargada, Delcy Rodr\u00edguez, extendi\u00f3 un fraterno mensaje de felicitaci\u00f3n al Primer Ministro Gaston Browne por su reciente triunfo electoral. La Mandataria Encargda destac\u00f3 que este resultado es una muestra fehaciente de la confianza renovada del pueblo [&hellip;]<\/p>\n","protected":false},"author":21,"featured_media":46264,"comment_status":"open","ping_status":"open","sticky":false,"template":"","format":"standard","meta":{"footnotes":""},"categories":[18,7],"tags":[98,1891,2042,20],"class_list":["post-46260","post","type-post","status-publish","format-standard","has-post-thumbnail","hentry","category-noticias-principales","category-notas-de-prensa","tag-antigua-y-barbuda","tag-presidenta-encargada-delcy-rodriguez","tag-primer-ministro-gaston-browne","tag-venezuela"],"_links":{"self":[{"href":"https:\/\/prensapresidencialvenezuela.gob.ve\/index.php\/wp-json\/wp\/v2\/posts\/46260","targetHints":{"allow":["GET"]}}],"collection":[{"href":"https:\/\/prensapresidencialvenezuela.gob.ve\/index.php\/wp-json\/wp\/v2\/posts"}],"about":[{"href":"https:\/\/prensapresidencialvenezuela.gob.ve\/index.php\/wp-json\/wp\/v2\/types\/post"}],"author":[{"embeddable":true,"href":"https:\/\/prensapresidencialvenezuela.gob.ve\/index.php\/wp-json\/wp\/v2\/users\/21"}],"replies":[{"embeddable":true,"href":"https:\/\/prensapresidencialvenezuela.gob.ve\/index.php\/wp-json\/wp\/v2\/comments?post=46260"}],"version-history":[{"count":1,"href":"https:\/\/prensapresidencialvenezuela.gob.ve\/index.php\/wp-json\/wp\/v2\/posts\/46260\/revisions"}],"predecessor-version":[{"id":46262,"href":"https:\/\/prensapresidencialvenezuela.gob.ve\/index.php\/wp-json\/wp\/v2\/posts\/46260\/revisions\/46262"}],"wp:featuredmedia":[{"embeddable":true,"href":"https:\/\/prensapresidencialvenezuela.gob.ve\/index.php\/wp-json\/wp\/v2\/media\/46264"}],"wp:attachment":[{"href":"https:\/\/prensapresidencialvenezuela.gob.ve\/index.php\/wp-json\/wp\/v2\/media?parent=46260"}],"wp:term":[{"taxonomy":"category","embeddable":true,"href":"https:\/\/prensapresidencialvenezuela.gob.ve\/index.php\/wp-json\/wp\/v2\/categories?post=46260"},{"taxonomy":"post_tag","embeddable":true,"href":"https:\/\/prensapresidencialvenezuela.gob.ve\/index.php\/wp-json\/wp\/v2\/tags?post=46260"}],"curies":[{"name":"wp","href":"https:\/\/api.w.org\/{rel}","templated":true}]}}