{"id":4650,"date":"2023-03-04T22:46:58","date_gmt":"2023-03-04T22:46:58","guid":{"rendered":"http:\/\/172.27.0.121\/?p=4650"},"modified":"2023-03-04T22:46:58","modified_gmt":"2023-03-04T22:46:58","slug":"con-musica-evocan-legado-del-comandante-chavez","status":"publish","type":"post","link":"https:\/\/prensapresidencialvenezuela.gob.ve\/index.php\/2023\/03\/04\/con-musica-evocan-legado-del-comandante-chavez\/","title":{"rendered":"Con m\u00fasica evocan legado del Comandante Ch\u00e1vez"},"content":{"rendered":"\n<p><strong>Teatro Teresa Carre\u00f1o, Caracas.- <\/strong>El presidente de la Rep\u00fablica Bolivariana de Venezuela, Nicol\u00e1s Maduro Moros, asiste este s\u00e1bado al concierto con motivo al d\u00e9cimo aniversario de la siembra del Comandante Hugo Ch\u00e1vez que se realiza en la sala R\u00edos Reyna del Teatro Teresa Carre\u00f1o, ubicado en Caracas.<\/p>\n\n\n\n<p>La presentaci\u00f3n musical que tambi\u00e9n cuenta con la presencia de intelectuales y l\u00edderes suramericanos y caribe\u00f1os, se desarrolla en el contexto del Encuentro Mundial \u201cVigencia del Pensamiento Bolivariano del Comandante Ch\u00e1vez en el siglo XX\u201d, que inici\u00f3 este viernes y se extender\u00e1 hasta el domingo 5 de marzo con una amplia agenda de discusi\u00f3n con temas de inter\u00e9s social, geopol\u00edtico, comunicacional y cultural.<\/p>\n\n\n\n<p>En este sentido, el concierto tendr\u00e1 la participaci\u00f3n especial de la Orquesta Filarm\u00f3nica Nacional, as\u00ed como las voces de Vidal Colmenares, Francisco Pacheco, Fabiola Jos\u00e9, Amaranta P\u00e9rez, Iv\u00e1n P\u00e9rez Rossi, Crist\u00f3bal Jim\u00e9nez, Leonel Ruiz, Lilia Vera, Al\u00ed Alejandro Primera, Rodbexa Poleo, Grupo Madera, Los Cadillacs, Omar Enrique, Hany Kauam y Omar Acedo.<\/p>\n\n\n\n<p>A prop\u00f3sito de la visita de delegaciones de Estado, as\u00ed como de representantes de movimientos sociales internacionales, el Dignatario venezolano se\u00f1al\u00f3 \u2013m\u00e1s temprano- que \u201ces una manera extraordinaria de reconocer el legado y el pensamiento bolivariano del Comandante Ch\u00e1vez\u201d.<\/p>\n\n\n\n<p>La primera jornada del Encuentro Mundial \u201cVigencia del Pensamiento Bolivariano del Comandante Ch\u00e1vez en el siglo XX\u201d contempl\u00f3 exposiciones vinculadas a la situaci\u00f3n geopol\u00edtica y la relevancia de la integraci\u00f3n latinoamericana y caribe\u00f1a, igualmente sirvi\u00f3 de plataforma para recordar an\u00e9cdotas e ideas defendidas por el Comandante Hugo Ch\u00e1vez.<\/p>\n\n\n\n<p>En el segundo d\u00eda de debate se ampl\u00edan temas relacionados con el Poder Popular, las comunas, la uni\u00f3n c\u00edvico-militar, la descolonizaci\u00f3n, el papel los medios de comunicaci\u00f3n y las nuevas tecnolog\u00edas y la construcci\u00f3n del mundo multipolar y multic\u00e9ntrico.<\/p>\n\n\n\n<p><strong>Ch\u00e1vez siempre presente<\/strong><\/p>\n\n\n\n<p>Al cumplirse una d\u00e9cada de la partida f\u00edsica del l\u00edder de la Revoluci\u00f3n Bolivariana, este viernes el presidente Nicol\u00e1s Maduro subray\u00f3 que \u201cni por un segundo ha estado ausente\u201d, dado que su ejemplo \u201cha estado presente en cada batalla, en cada lucha y en cada victoria obtenido a lo largo de 10 a\u00f1os\u201d.<\/p>\n\n\n\n<p>Previamente, enfatiz\u00f3 que el pueblo venezolano debe recordar al Comandante Hugo Ch\u00e1vez \u201ccon alegr\u00eda, fervor patrio y compromiso revolucionario, como presente y reto de futuro\u201d.<\/p>\n\n\n\n<p>Al respecto, el jefe de Estado se\u00f1al\u00f3 que su legado debe convocar a \u201cla m\u00e1xima honestidad, al m\u00e1ximo apego a la \u00e9tica, al trabajo permanente\u201d en funci\u00f3n de garantizar una respuesta eficaz a las demandas del pueblo.<\/p>\n\n\n\n<p><strong>Prensa Presidencial \/ Eduardo Hueck<\/strong><\/p>\n","protected":false},"excerpt":{"rendered":"<p>Teatro Teresa Carre\u00f1o, Caracas.- El presidente de la Rep\u00fablica Bolivariana de Venezuela, Nicol\u00e1s Maduro Moros, asiste este s\u00e1bado al concierto con motivo al d\u00e9cimo aniversario de la siembra del Comandante Hugo Ch\u00e1vez que se realiza en la sala R\u00edos Reyna del Teatro Teresa Carre\u00f1o, ubicado en Caracas. La presentaci\u00f3n musical que tambi\u00e9n cuenta con la [&hellip;]<\/p>\n","protected":false},"author":6,"featured_media":4651,"comment_status":"open","ping_status":"open","sticky":false,"template":"","format":"standard","meta":{"footnotes":""},"categories":[18,7],"tags":[30,19,27,20],"class_list":["post-4650","post","type-post","status-publish","format-standard","has-post-thumbnail","hentry","category-noticias-principales","category-notas-de-prensa","tag-destacado","tag-nicolas-maduro","tag-revolucion-bolivariana","tag-venezuela"],"_links":{"self":[{"href":"https:\/\/prensapresidencialvenezuela.gob.ve\/index.php\/wp-json\/wp\/v2\/posts\/4650","targetHints":{"allow":["GET"]}}],"collection":[{"href":"https:\/\/prensapresidencialvenezuela.gob.ve\/index.php\/wp-json\/wp\/v2\/posts"}],"about":[{"href":"https:\/\/prensapresidencialvenezuela.gob.ve\/index.php\/wp-json\/wp\/v2\/types\/post"}],"author":[{"embeddable":true,"href":"https:\/\/prensapresidencialvenezuela.gob.ve\/index.php\/wp-json\/wp\/v2\/users\/6"}],"replies":[{"embeddable":true,"href":"https:\/\/prensapresidencialvenezuela.gob.ve\/index.php\/wp-json\/wp\/v2\/comments?post=4650"}],"version-history":[{"count":1,"href":"https:\/\/prensapresidencialvenezuela.gob.ve\/index.php\/wp-json\/wp\/v2\/posts\/4650\/revisions"}],"predecessor-version":[{"id":4652,"href":"https:\/\/prensapresidencialvenezuela.gob.ve\/index.php\/wp-json\/wp\/v2\/posts\/4650\/revisions\/4652"}],"wp:featuredmedia":[{"embeddable":true,"href":"https:\/\/prensapresidencialvenezuela.gob.ve\/index.php\/wp-json\/wp\/v2\/media\/4651"}],"wp:attachment":[{"href":"https:\/\/prensapresidencialvenezuela.gob.ve\/index.php\/wp-json\/wp\/v2\/media?parent=4650"}],"wp:term":[{"taxonomy":"category","embeddable":true,"href":"https:\/\/prensapresidencialvenezuela.gob.ve\/index.php\/wp-json\/wp\/v2\/categories?post=4650"},{"taxonomy":"post_tag","embeddable":true,"href":"https:\/\/prensapresidencialvenezuela.gob.ve\/index.php\/wp-json\/wp\/v2\/tags?post=4650"}],"curies":[{"name":"wp","href":"https:\/\/api.w.org\/{rel}","templated":true}]}}