{"id":4653,"date":"2023-03-05T03:09:34","date_gmt":"2023-03-05T03:09:34","guid":{"rendered":"http:\/\/172.27.0.121\/?p=4653"},"modified":"2023-03-05T03:16:54","modified_gmt":"2023-03-05T03:16:54","slug":"presidente-sostiene-reunion-con-delegados-internacionales-presentes-en-homenaje-al-comandante-chavez","status":"publish","type":"post","link":"https:\/\/prensapresidencialvenezuela.gob.ve\/index.php\/2023\/03\/05\/presidente-sostiene-reunion-con-delegados-internacionales-presentes-en-homenaje-al-comandante-chavez\/","title":{"rendered":"Presidente sostiene reuni\u00f3n con delegados internacionales presentes en homenaje al Comandante Ch\u00e1vez"},"content":{"rendered":"\n<p><strong>Palacio de Miraflores, Caracas.- <\/strong>Desde el Hotel Humboldt, ubicado en la cima del Parque Nacional Warairarepano, el presidente de la Rep\u00fablica, Nicol\u00e1s Maduro, sostiene una reuni\u00f3n preparatoria con delegados internacionales que participar\u00e1n en el Encuentro Mundial por la Vigencia del Pensamiento Bolivariano del Comandante Hugo Ch\u00e1vez en el siglo XXI, que tendr\u00e1 su jornada de debate final este domingo 5 de marzo.<\/p>\n\n\n\n<p>A trav\u00e9s de un mensaje difundido en su cuenta de la red social Twitter, @NicolasMaduro, se\u00f1al\u00f3 que, bajo el principio de la unidad e integraci\u00f3n latinoamericana y caribe\u00f1a, \u201cestamos llegando para una reuni\u00f3n con todos los delegados internacionales que han venido al evento en homenaje al Comandante Ch\u00e1vez por el d\u00e9cimo aniversario de su paso a la inmortalidad\u201d.<\/p>\n\n\n\n<p>En compa\u00f1\u00eda de la primera combatiente y diputada de la Asamblea Nacional, Cilia Flores, recalc\u00f3 que \u201cen uni\u00f3n y en victoria\u201d el legado del l\u00edder de la Revoluci\u00f3n Bolivariana contin\u00faa presente en el coraz\u00f3n de los pueblos libres del mundo.<\/p>\n\n\n\n<p>Precisamente, la vigencia del pensamiento del Comandante Hugo Ch\u00e1vez es el eje del Encuentro Mundial que, desde el viernes 3 de marzo, aborda temas vinculados al Poder Popular, las comunas, la uni\u00f3n c\u00edvico-militar y la descolonizaci\u00f3n, as\u00ed como a los medios de comunicaci\u00f3n y las nuevas tecnolog\u00edas, la situaci\u00f3n internacional, la construcci\u00f3n de la multipolaridad y la ruta hacia el socialismo.<\/p>\n\n\n\n<p>En este sentido, se encuentran en la capital venezolana el general de Ej\u00e9rcito y primer secretario del Partido Comunista de Cuba, Ra\u00fal Castro Ruz; el l\u00edder ind\u00edgena Evo Morales; el expresidente de Honduras, Manuel Zelaya; el canciller de Grenada, Joseph Andall y el ex viceprimer ministro de San Crist\u00f3bal y Nieves, Earl Asim Martim. En las pr\u00f3ximas horas, se prev\u00e9 la llegada del presidente del Estado Plurinacional de Bolivia, Luis Arce Catacora.<\/p>\n\n\n\n<p>M\u00e1s temprano, en el contexto de la conmemoraci\u00f3n del d\u00e9cimo aniversario de la partida f\u00edsica del Comandante Hugo Ch\u00e1vez, el mandatario venezolano asisti\u00f3 al concierto denominado \u201cCh\u00e1vez y la cultura\u201d, que cont\u00f3 con la presentaci\u00f3n de una decena de artistas venezolanos en la sala R\u00edos Reyna del Teatro Teresa Carre\u00f1o, situado en Caracas.<\/p>\n\n\n\n<p>\u201cDisfrutamos de un concierto cargado de sentimiento, emotividad profunda y alegr\u00eda con la voz y el baile de nuestros artistas que realizaron un hermoso homenaje al Comandante Ch\u00e1vez. \u00a1Nuestra cultura brilla en su honor!\u201d, puntualiz\u00f3.<\/p>\n\n\n\n<p><strong>Prensa Presidencial \/ Karelis Gonz\u00e1lez<\/strong><\/p>\n","protected":false},"excerpt":{"rendered":"<p>Palacio de Miraflores, Caracas.- Desde el Hotel Humboldt, ubicado en la cima del Parque Nacional Warairarepano, el presidente de la Rep\u00fablica, Nicol\u00e1s Maduro, sostiene una reuni\u00f3n preparatoria con delegados internacionales que participar\u00e1n en el Encuentro Mundial por la Vigencia del Pensamiento Bolivariano del Comandante Hugo Ch\u00e1vez en el siglo XXI, que tendr\u00e1 su jornada de [&hellip;]<\/p>\n","protected":false},"author":6,"featured_media":4651,"comment_status":"open","ping_status":"open","sticky":false,"template":"","format":"standard","meta":{"footnotes":""},"categories":[18,7],"tags":[30,19,27,20],"class_list":["post-4653","post","type-post","status-publish","format-standard","has-post-thumbnail","hentry","category-noticias-principales","category-notas-de-prensa","tag-destacado","tag-nicolas-maduro","tag-revolucion-bolivariana","tag-venezuela"],"_links":{"self":[{"href":"https:\/\/prensapresidencialvenezuela.gob.ve\/index.php\/wp-json\/wp\/v2\/posts\/4653","targetHints":{"allow":["GET"]}}],"collection":[{"href":"https:\/\/prensapresidencialvenezuela.gob.ve\/index.php\/wp-json\/wp\/v2\/posts"}],"about":[{"href":"https:\/\/prensapresidencialvenezuela.gob.ve\/index.php\/wp-json\/wp\/v2\/types\/post"}],"author":[{"embeddable":true,"href":"https:\/\/prensapresidencialvenezuela.gob.ve\/index.php\/wp-json\/wp\/v2\/users\/6"}],"replies":[{"embeddable":true,"href":"https:\/\/prensapresidencialvenezuela.gob.ve\/index.php\/wp-json\/wp\/v2\/comments?post=4653"}],"version-history":[{"count":2,"href":"https:\/\/prensapresidencialvenezuela.gob.ve\/index.php\/wp-json\/wp\/v2\/posts\/4653\/revisions"}],"predecessor-version":[{"id":4656,"href":"https:\/\/prensapresidencialvenezuela.gob.ve\/index.php\/wp-json\/wp\/v2\/posts\/4653\/revisions\/4656"}],"wp:featuredmedia":[{"embeddable":true,"href":"https:\/\/prensapresidencialvenezuela.gob.ve\/index.php\/wp-json\/wp\/v2\/media\/4651"}],"wp:attachment":[{"href":"https:\/\/prensapresidencialvenezuela.gob.ve\/index.php\/wp-json\/wp\/v2\/media?parent=4653"}],"wp:term":[{"taxonomy":"category","embeddable":true,"href":"https:\/\/prensapresidencialvenezuela.gob.ve\/index.php\/wp-json\/wp\/v2\/categories?post=4653"},{"taxonomy":"post_tag","embeddable":true,"href":"https:\/\/prensapresidencialvenezuela.gob.ve\/index.php\/wp-json\/wp\/v2\/tags?post=4653"}],"curies":[{"name":"wp","href":"https:\/\/api.w.org\/{rel}","templated":true}]}}