{"id":4672,"date":"2023-03-05T23:00:28","date_gmt":"2023-03-05T23:00:28","guid":{"rendered":"http:\/\/172.27.0.121\/?p=4672"},"modified":"2023-03-05T23:00:28","modified_gmt":"2023-03-05T23:00:28","slug":"el-pueblo-venezolano-se-ha-enaltecido-librando-batallas","status":"publish","type":"post","link":"https:\/\/prensapresidencialvenezuela.gob.ve\/index.php\/2023\/03\/05\/el-pueblo-venezolano-se-ha-enaltecido-librando-batallas\/","title":{"rendered":"El pueblo venezolano se ha enaltecido librando batallas"},"content":{"rendered":"\n<p><strong>Teatro Terea Carre\u00f1o, Caracas.-<\/strong> El presidente de la Rep\u00fablica de Nicaragua, Daniel Ortega, asever\u00f3 este domingo que el pueblo venezolano se ha enaltecido librando batallas a lo largo de los a\u00f1os.<\/p>\n\n\n\n<p>\u201cEl pueblo venezolano y su Fuerza Armada ha sido determinante para enfrentar golpes de Estado y avanzar a pesar de agresiones brutales, del bloqueo del imperio yanqui, de intentos de asesinato\u201d, dijo el Mandatario nicarag\u00fcense.<\/p>\n\n\n\n<p>Desde el Teatro Teresa Carre\u00f1o ubicado en Caracas, Ortega cuestion\u00f3 el papel que juega la Organizaci\u00f3n de las Naciones Unidas (ONU) en la defensa de la igualdad y la autodeterminaci\u00f3n de los pueblos del mundo.<\/p>\n\n\n\n<p>\u201c\u00bfDe qu\u00e9 sirve la ONU? \u00a1De nada!\u201d sentenci\u00f3 el l\u00edder sandinista, al referir que unos 190 pa\u00edses han llegado a votar en contra del bloqueo impuesto por Estados Unidos a la Rep\u00fablica de Cuba desde hace m\u00e1s de 60 a\u00f1os, sin que hayan respuestas contundentes por parte del organismo multilateral a favor del pueblo cubano. &nbsp;<\/p>\n\n\n\n<p>\u201c\u00a1No pasa nada! \u00a1El bloqueo continua!, entonces \u00bfde qu\u00e9 sirve la ONU?\u201d, cuestion\u00f3 Ortega quien expuso que en contraste \u00e9sta organizaci\u00f3n \u201csirve para respaldar, estimular, apoyar agresiones, invasiones, terrorismo, bloqueo contra los pueblos y para injuriar, calumniar, condenar a los pueblos heroicos que defienden su dignidad como el pueblo venezolano, cubano y nicarag\u00fcense; a los pueblos del mundo que no est\u00e1n dispuestos a someterse al imperio yanqui\u201d.<\/p>\n\n\n\n<p>Por otra parte, Daniel Ortega rechaz\u00f3 la doble moral con la que se implementa la pol\u00edtica exterior estadounidense con respecto a naciones que han decidido implementar sistemas democr\u00e1ticos y progresistas; bajo el esquema de la cooperaci\u00f3n, el respeto a la soberan\u00eda y la autodeterminaci\u00f3n de los pueblos.<\/p>\n\n\n\n<p>\u201cEn estos momentos proponen di\u00e1logo los mayores asesinos de la historia, pero van con el pu\u00f1al para tratar de destruir y asesinar porque para ellos, la hegemon\u00eda del imperio yanqui, la esencia de esa hegemon\u00eda, que es el capitalismo y la opresi\u00f3n de los pueblos, es algo innegociable\u201d.<\/p>\n\n\n\n<p>Las palabras las ofreci\u00f3 Ortega durante su participaci\u00f3n en el Encuentro Mundial: Vigencia del pensamiento bolivariano del Comandante Hugo Ch\u00e1vez en el siglo XXI, que reuni\u00f3 en la capital venezolana a l\u00edderes, presidentes, jefes de Estado y delegaciones suramericanas a prop\u00f3sito de celebrarse el decimo aniversario de la partida f\u00edsica del Comandante Hugo Ch\u00e1vez.<\/p>\n\n\n\n<p><strong>Prensa Presidencial\/Bianca Borrero&nbsp;<\/strong><\/p>\n","protected":false},"excerpt":{"rendered":"<p>Teatro Terea Carre\u00f1o, Caracas.- El presidente de la Rep\u00fablica de Nicaragua, Daniel Ortega, asever\u00f3 este domingo que el pueblo venezolano se ha enaltecido librando batallas a lo largo de los a\u00f1os. \u201cEl pueblo venezolano y su Fuerza Armada ha sido determinante para enfrentar golpes de Estado y avanzar a pesar de agresiones brutales, del bloqueo [&hellip;]<\/p>\n","protected":false},"author":6,"featured_media":4673,"comment_status":"open","ping_status":"open","sticky":false,"template":"","format":"standard","meta":{"footnotes":""},"categories":[18,7],"tags":[30,19,27,20],"class_list":["post-4672","post","type-post","status-publish","format-standard","has-post-thumbnail","hentry","category-noticias-principales","category-notas-de-prensa","tag-destacado","tag-nicolas-maduro","tag-revolucion-bolivariana","tag-venezuela"],"_links":{"self":[{"href":"https:\/\/prensapresidencialvenezuela.gob.ve\/index.php\/wp-json\/wp\/v2\/posts\/4672","targetHints":{"allow":["GET"]}}],"collection":[{"href":"https:\/\/prensapresidencialvenezuela.gob.ve\/index.php\/wp-json\/wp\/v2\/posts"}],"about":[{"href":"https:\/\/prensapresidencialvenezuela.gob.ve\/index.php\/wp-json\/wp\/v2\/types\/post"}],"author":[{"embeddable":true,"href":"https:\/\/prensapresidencialvenezuela.gob.ve\/index.php\/wp-json\/wp\/v2\/users\/6"}],"replies":[{"embeddable":true,"href":"https:\/\/prensapresidencialvenezuela.gob.ve\/index.php\/wp-json\/wp\/v2\/comments?post=4672"}],"version-history":[{"count":1,"href":"https:\/\/prensapresidencialvenezuela.gob.ve\/index.php\/wp-json\/wp\/v2\/posts\/4672\/revisions"}],"predecessor-version":[{"id":4674,"href":"https:\/\/prensapresidencialvenezuela.gob.ve\/index.php\/wp-json\/wp\/v2\/posts\/4672\/revisions\/4674"}],"wp:featuredmedia":[{"embeddable":true,"href":"https:\/\/prensapresidencialvenezuela.gob.ve\/index.php\/wp-json\/wp\/v2\/media\/4673"}],"wp:attachment":[{"href":"https:\/\/prensapresidencialvenezuela.gob.ve\/index.php\/wp-json\/wp\/v2\/media?parent=4672"}],"wp:term":[{"taxonomy":"category","embeddable":true,"href":"https:\/\/prensapresidencialvenezuela.gob.ve\/index.php\/wp-json\/wp\/v2\/categories?post=4672"},{"taxonomy":"post_tag","embeddable":true,"href":"https:\/\/prensapresidencialvenezuela.gob.ve\/index.php\/wp-json\/wp\/v2\/tags?post=4672"}],"curies":[{"name":"wp","href":"https:\/\/api.w.org\/{rel}","templated":true}]}}