{"id":4678,"date":"2023-03-05T23:37:24","date_gmt":"2023-03-05T23:37:24","guid":{"rendered":"http:\/\/172.27.0.121\/?p=4678"},"modified":"2023-03-05T23:37:24","modified_gmt":"2023-03-05T23:37:24","slug":"presidentes-venezuela-y-bolivia-se-reunen-en-defensa-del-bolivarianismo","status":"publish","type":"post","link":"https:\/\/prensapresidencialvenezuela.gob.ve\/index.php\/2023\/03\/05\/presidentes-venezuela-y-bolivia-se-reunen-en-defensa-del-bolivarianismo\/","title":{"rendered":"Presidentes Venezuela y Bolivia se re\u00fanen en defensa del bolivarianismo"},"content":{"rendered":"\n<p><strong>Teatro Teresa Carre\u00f1o, Caracas. \u2013<\/strong> En defensa del bolivarianismo, del pensamiento cr\u00edtico de los pueblos y gobiernos de Am\u00e9rica Latina y la ratificaci\u00f3n de los lazos de amistad entre la Rep\u00fablica Bolivariana de Venezuela y el Estado Plurinacional de Bolivia, los presidentes de estas naciones, Nicol\u00e1s Maduro y Luis Arce, sostienen una reuni\u00f3n bilateral, en el Teatro Teresa Carre\u00f1o, en la ciudad de Caracas.<\/p>\n\n\n\n<p>La reuni\u00f3n de los Jefes de Estado se realiza en el contexto del Encuentro Mundial por la Vigencia del Pensamiento Bolivariano del comandante Hugo Ch\u00e1vez en el siglo XXI, cuyo debate tiene lugar la tarde de hoy 5 de marzo, para profundizar en la convicci\u00f3n en los valores de paz, unidad, complementariedad y la defensa de un mundo multipolar.<\/p>\n\n\n\n<p>Al pisar suelo venezolano, Arce afirm\u00f3 que trae el sentimiento del pueblo boliviano de que la presencia de Hugo Ch\u00e1vez est\u00e1 en Bolivia, al destacar que entre los m\u00e1s importantes legados del comandante Ch\u00e1vez est\u00e1n la integraci\u00f3n y unidad regional.<\/p>\n\n\n\n<p>El presidente Arce destac\u00f3 que la Revoluci\u00f3n Boliviana demostr\u00f3 que la construcci\u00f3n de una nueva sociedad m\u00e1s justa es posible y que un punto a favor es que Hugo Ch\u00e1vez est\u00e1 m\u00e1s presente que nunca en los venezolanos y venezolanas.<\/p>\n\n\n\n<p>El encuentro entre los Mandatarios se produce luego de que los cancilleres de Bolivia, Rogelio Mayta, y de Venezuela, Yv\u00e1n Gil, revisaban el pasado 23 de febrero de este a\u00f1o unos 14 proyectos con el fin de fortalecer, reafirmar y reimpulsar las relaciones bilaterales.<\/p>\n\n\n\n<p>En esa ocasi\u00f3n, Yv\u00e1n Gil se\u00f1al\u00f3 que el presidente Nicol\u00e1s Maduro ha sido muy claro en convertir una relaci\u00f3n constructiva en proyectos.<\/p>\n\n\n\n<p>Por su parte, Mayta indic\u00f3 que \u201cArce y Maduro tienen una relaci\u00f3n muy cercana (\u2026) son amigos y hermanos\u201d.<\/p>\n\n\n\n<p><strong>Prensa Presidencial \/ Ana\u00eds P\u00e9rez<\/strong><\/p>\n","protected":false},"excerpt":{"rendered":"<p>Teatro Teresa Carre\u00f1o, Caracas. \u2013 En defensa del bolivarianismo, del pensamiento cr\u00edtico de los pueblos y gobiernos de Am\u00e9rica Latina y la ratificaci\u00f3n de los lazos de amistad entre la Rep\u00fablica Bolivariana de Venezuela y el Estado Plurinacional de Bolivia, los presidentes de estas naciones, Nicol\u00e1s Maduro y Luis Arce, sostienen una reuni\u00f3n bilateral, en [&hellip;]<\/p>\n","protected":false},"author":6,"featured_media":4679,"comment_status":"open","ping_status":"open","sticky":false,"template":"","format":"standard","meta":{"footnotes":""},"categories":[18,7],"tags":[30,19,27,20],"class_list":["post-4678","post","type-post","status-publish","format-standard","has-post-thumbnail","hentry","category-noticias-principales","category-notas-de-prensa","tag-destacado","tag-nicolas-maduro","tag-revolucion-bolivariana","tag-venezuela"],"_links":{"self":[{"href":"https:\/\/prensapresidencialvenezuela.gob.ve\/index.php\/wp-json\/wp\/v2\/posts\/4678","targetHints":{"allow":["GET"]}}],"collection":[{"href":"https:\/\/prensapresidencialvenezuela.gob.ve\/index.php\/wp-json\/wp\/v2\/posts"}],"about":[{"href":"https:\/\/prensapresidencialvenezuela.gob.ve\/index.php\/wp-json\/wp\/v2\/types\/post"}],"author":[{"embeddable":true,"href":"https:\/\/prensapresidencialvenezuela.gob.ve\/index.php\/wp-json\/wp\/v2\/users\/6"}],"replies":[{"embeddable":true,"href":"https:\/\/prensapresidencialvenezuela.gob.ve\/index.php\/wp-json\/wp\/v2\/comments?post=4678"}],"version-history":[{"count":1,"href":"https:\/\/prensapresidencialvenezuela.gob.ve\/index.php\/wp-json\/wp\/v2\/posts\/4678\/revisions"}],"predecessor-version":[{"id":4680,"href":"https:\/\/prensapresidencialvenezuela.gob.ve\/index.php\/wp-json\/wp\/v2\/posts\/4678\/revisions\/4680"}],"wp:featuredmedia":[{"embeddable":true,"href":"https:\/\/prensapresidencialvenezuela.gob.ve\/index.php\/wp-json\/wp\/v2\/media\/4679"}],"wp:attachment":[{"href":"https:\/\/prensapresidencialvenezuela.gob.ve\/index.php\/wp-json\/wp\/v2\/media?parent=4678"}],"wp:term":[{"taxonomy":"category","embeddable":true,"href":"https:\/\/prensapresidencialvenezuela.gob.ve\/index.php\/wp-json\/wp\/v2\/categories?post=4678"},{"taxonomy":"post_tag","embeddable":true,"href":"https:\/\/prensapresidencialvenezuela.gob.ve\/index.php\/wp-json\/wp\/v2\/tags?post=4678"}],"curies":[{"name":"wp","href":"https:\/\/api.w.org\/{rel}","templated":true}]}}