{"id":4681,"date":"2023-03-05T23:59:27","date_gmt":"2023-03-05T23:59:27","guid":{"rendered":"http:\/\/172.27.0.121\/?p=4681"},"modified":"2023-03-05T23:59:27","modified_gmt":"2023-03-05T23:59:27","slug":"nicaragua-y-venezuela-afianzan-vinculos-de-amistad-en-el-espiritu-de-la-integracion","status":"publish","type":"post","link":"https:\/\/prensapresidencialvenezuela.gob.ve\/index.php\/2023\/03\/05\/nicaragua-y-venezuela-afianzan-vinculos-de-amistad-en-el-espiritu-de-la-integracion\/","title":{"rendered":"Nicaragua y Venezuela afianzan v\u00ednculos de amistad en el esp\u00edritu de la integraci\u00f3n"},"content":{"rendered":"\n<p><strong>Teatro Teresa Carre\u00f1o, Caracas.- <\/strong>La amistad sincera entre Nicaragua y Venezuela se reafirma a trav\u00e9s del encuentro de los presidentes Daniel Ortega y Nicol\u00e1s Maduro, respectivamente, que se desarrolla a prop\u00f3sito del Encuentro Mundial por la Vigencia del Pensamiento Bolivariano del Comandante Hugo Ch\u00e1vez en el siglo XXI.<\/p>\n\n\n\n<p>El di\u00e1logo que se realiza en el Teatro Teresa Carre\u00f1o, ubicado en Caracas, no solo destaca la voluntad com\u00fan de profundizar las alianzas estrat\u00e9gicas, sino que reafirma el camino de la autodeterminaci\u00f3n se\u00f1alado por Hugo Ch\u00e1vez, Fidel Castro y Augusto C\u00e9sar Sandino.<\/p>\n\n\n\n<p>A su llegada al Aeropuerto Internacional de Maiquet\u00eda \u201cSim\u00f3n Bol\u00edvar, en el estado La Guaira, Ortega subray\u00f3 que hablar de Ch\u00e1vez \u201ces decir unidad, es decir solidaridad, es decir amor al pueblo y amor a los pueblos; y de ah\u00ed el cari\u00f1o y el amor que le tienen nuestros pueblos y el pueblo de Nicaragua al Comandante\u201d.<\/p>\n\n\n\n<p>En ocasi\u00f3n del d\u00e9cimo aniversario de la partida f\u00edsica del Comandante Hugo Ch\u00e1vez, puntualiz\u00f3 que \u201choy m\u00e1s que nunca tenemos que unir nuestras fuerzas, nuestra acci\u00f3n de lucha para continuar librando la batalla por la libertad y la unidad de nuestro pueblo\u201d.<\/p>\n\n\n\n<p>En el esp\u00edritu de s\u00f3lidas relaciones pol\u00edticas que datan del a\u00f1o 2007, los presidentes Nicol\u00e1s Maduro y Daniel Ortega coinciden en la necesidad de fortalecer los mecanismos de integraci\u00f3n latinoamericana y caribe\u00f1a para contrarrestar las amenazas de las \u00e9lites imperiales, auspiciadas por las oligarqu\u00edas regionales.<\/p>\n\n\n\n<p>Caracas y Managua defienden la permanencia de la Alianza Bolivariana de los Pueblos de Nuestra Am\u00e9rica \u2013 Tratado de Comercio de los Pueblos (ALBA-TCP) no solo como plataforma de unidad sin tutelajes, sino como v\u00eda para la concreci\u00f3n de acuerdos pol\u00edticos, comerciales y culturales que tributen al desarrollo conjunto.<\/p>\n\n\n\n<p>La solidaridad es una caracter\u00edstica de las relaciones bilaterales entre Nicaragua y Venezuela, demostr\u00e1ndose en \u00e9pocas de tensi\u00f3n pol\u00edtica mediante firmes pronunciamientos a favor de la paz, la concertaci\u00f3n y el respeto a la autodeterminaci\u00f3n.<\/p>\n\n\n\n<p>En la 77\u00b0 Asamblea General de la Organizaci\u00f3n de Naciones Unidas (ONU), celebrada en septiembre, el Jefe de Estado venezolano abog\u00f3 por el cese de las ilegales sanciones econ\u00f3micas contra Nicaragua, al tiempo que exigi\u00f3 el fin de las persecuciones por razones pol\u00edticas contra las autoridades del gobierno de Daniel Ortega Saavedra.<\/p>\n\n\n\n<p>Asimismo, Nicaragua ha respaldado firmemente la gesti\u00f3n del Presidente Nicol\u00e1s Maduro en medio de las acciones sediciosas de 2014 y 2017, se\u00f1alando las pretensiones de la ultraderecha de incendiar el pa\u00eds para quebrantar la estabilidad.<\/p>\n\n\n\n<p><strong>Prensa Presidencial \/ Karelis Gonz\u00e1lez<\/strong><\/p>\n","protected":false},"excerpt":{"rendered":"<p>Teatro Teresa Carre\u00f1o, Caracas.- La amistad sincera entre Nicaragua y Venezuela se reafirma a trav\u00e9s del encuentro de los presidentes Daniel Ortega y Nicol\u00e1s Maduro, respectivamente, que se desarrolla a prop\u00f3sito del Encuentro Mundial por la Vigencia del Pensamiento Bolivariano del Comandante Hugo Ch\u00e1vez en el siglo XXI. El di\u00e1logo que se realiza en el [&hellip;]<\/p>\n","protected":false},"author":6,"featured_media":4682,"comment_status":"open","ping_status":"open","sticky":false,"template":"","format":"standard","meta":{"footnotes":""},"categories":[18,7,1],"tags":[30,19,27,20],"class_list":["post-4681","post","type-post","status-publish","format-standard","has-post-thumbnail","hentry","category-noticias-principales","category-notas-de-prensa","category-sin-categoria","tag-destacado","tag-nicolas-maduro","tag-revolucion-bolivariana","tag-venezuela"],"_links":{"self":[{"href":"https:\/\/prensapresidencialvenezuela.gob.ve\/index.php\/wp-json\/wp\/v2\/posts\/4681","targetHints":{"allow":["GET"]}}],"collection":[{"href":"https:\/\/prensapresidencialvenezuela.gob.ve\/index.php\/wp-json\/wp\/v2\/posts"}],"about":[{"href":"https:\/\/prensapresidencialvenezuela.gob.ve\/index.php\/wp-json\/wp\/v2\/types\/post"}],"author":[{"embeddable":true,"href":"https:\/\/prensapresidencialvenezuela.gob.ve\/index.php\/wp-json\/wp\/v2\/users\/6"}],"replies":[{"embeddable":true,"href":"https:\/\/prensapresidencialvenezuela.gob.ve\/index.php\/wp-json\/wp\/v2\/comments?post=4681"}],"version-history":[{"count":1,"href":"https:\/\/prensapresidencialvenezuela.gob.ve\/index.php\/wp-json\/wp\/v2\/posts\/4681\/revisions"}],"predecessor-version":[{"id":4683,"href":"https:\/\/prensapresidencialvenezuela.gob.ve\/index.php\/wp-json\/wp\/v2\/posts\/4681\/revisions\/4683"}],"wp:featuredmedia":[{"embeddable":true,"href":"https:\/\/prensapresidencialvenezuela.gob.ve\/index.php\/wp-json\/wp\/v2\/media\/4682"}],"wp:attachment":[{"href":"https:\/\/prensapresidencialvenezuela.gob.ve\/index.php\/wp-json\/wp\/v2\/media?parent=4681"}],"wp:term":[{"taxonomy":"category","embeddable":true,"href":"https:\/\/prensapresidencialvenezuela.gob.ve\/index.php\/wp-json\/wp\/v2\/categories?post=4681"},{"taxonomy":"post_tag","embeddable":true,"href":"https:\/\/prensapresidencialvenezuela.gob.ve\/index.php\/wp-json\/wp\/v2\/tags?post=4681"}],"curies":[{"name":"wp","href":"https:\/\/api.w.org\/{rel}","templated":true}]}}